{"id":13599,"date":"2026-03-13T16:42:13","date_gmt":"2026-03-13T16:42:13","guid":{"rendered":"https:\/\/www.bekaformation.fr\/pro-formation-professionnelle-dordogne-beka-formation\/?p=13599"},"modified":"2026-03-13T17:45:31","modified_gmt":"2026-03-13T17:45:31","slug":"5-signaux-qui-montrent-que-la-communication-freine-la-cooperation-dans-une-equipe","status":"publish","type":"post","link":"https:\/\/www.bekaformation.fr\/pro-formation-professionnelle-dordogne-beka-formation\/5-signaux-qui-montrent-que-la-communication-freine-la-cooperation-dans-une-equipe\/","title":{"rendered":"5 signaux qui montrent que la communication freine la coop\u00e9ration dans une \u00e9quipe"},"content":{"rendered":"\t\t<div data-elementor-type=\"wp-post\" data-elementor-id=\"13599\" class=\"elementor elementor-13599\">\n\t\t\t\t\t\t<section class=\"elementor-section elementor-top-section elementor-element elementor-element-e8e7a96 elementor-section-boxed elementor-section-height-default elementor-section-height-default\" data-id=\"e8e7a96\" data-element_type=\"section\" data-e-type=\"section\">\n\t\t\t\t\t\t<div class=\"elementor-container elementor-column-gap-default\">\n\t\t\t\t\t<div class=\"elementor-column elementor-col-100 elementor-top-column elementor-element elementor-element-4ec80f4\" data-id=\"4ec80f4\" data-element_type=\"column\" data-e-type=\"column\">\n\t\t\t<div class=\"elementor-widget-wrap elementor-element-populated\">\n\t\t\t\t\t\t<div class=\"elementor-element elementor-element-3c0ce1d elementor-widget elementor-widget-heading\" data-id=\"3c0ce1d\" data-element_type=\"widget\" data-e-type=\"widget\" data-widget_type=\"heading.default\">\n\t\t\t\t<div class=\"elementor-widget-container\">\n\t\t\t\t\t<h2 class=\"elementor-heading-title elementor-size-default\">5 signaux qui montrent que la communication freine la coop\u00e9ration dans une \u00e9quipe<\/h2>\t\t\t\t<\/div>\n\t\t\t\t<\/div>\n\t\t\t\t\t<\/div>\n\t\t<\/div>\n\t\t\t\t\t<\/div>\n\t\t<\/section>\n\t\t\t\t<section class=\"elementor-section elementor-top-section elementor-element elementor-element-682a49fe elementor-section-boxed elementor-section-height-default elementor-section-height-default\" data-id=\"682a49fe\" data-element_type=\"section\" data-e-type=\"section\">\n\t\t\t\t\t\t<div class=\"elementor-container elementor-column-gap-default\">\n\t\t\t\t\t<div class=\"elementor-column elementor-col-100 elementor-top-column elementor-element elementor-element-4adaf35\" data-id=\"4adaf35\" data-element_type=\"column\" data-e-type=\"column\">\n\t\t\t<div class=\"elementor-widget-wrap elementor-element-populated\">\n\t\t\t\t\t\t<section class=\"elementor-section elementor-inner-section elementor-element elementor-element-98f5ad2 elementor-section-boxed elementor-section-height-default elementor-section-height-default\" data-id=\"98f5ad2\" data-element_type=\"section\" data-e-type=\"section\">\n\t\t\t\t\t\t<div class=\"elementor-container elementor-column-gap-default\">\n\t\t\t\t\t<div class=\"elementor-column elementor-col-50 elementor-inner-column elementor-element elementor-element-832108d\" data-id=\"832108d\" data-element_type=\"column\" data-e-type=\"column\">\n\t\t\t<div class=\"elementor-widget-wrap elementor-element-populated\">\n\t\t\t\t\t\t<div class=\"elementor-element elementor-element-5ee38f7 elementor-widget elementor-widget-image\" data-id=\"5ee38f7\" data-element_type=\"widget\" data-e-type=\"widget\" data-widget_type=\"image.default\">\n\t\t\t\t<div class=\"elementor-widget-container\">\n\t\t\t\t\t\t\t\t\t\t\t\t\t\t\t<img data-recalc-dims=\"1\" decoding=\"async\" src=\"https:\/\/i0.wp.com\/www.bekaformation.fr\/wp-content\/uploads\/elementor\/thumbs\/5-signaux-communication-rkgf4jth90aaxyfho619cgd7zv21ingkeq0icx5k44.png?w=1200&#038;ssl=1\" title=\"5 signaux communication\" alt=\"5 signaux communication\" loading=\"lazy\" \/>\t\t\t\t\t\t\t\t\t\t\t\t\t\t\t<\/div>\n\t\t\t\t<\/div>\n\t\t\t\t\t<\/div>\n\t\t<\/div>\n\t\t\t\t<div class=\"elementor-column elementor-col-50 elementor-inner-column elementor-element elementor-element-9d5c778\" data-id=\"9d5c778\" data-element_type=\"column\" data-e-type=\"column\">\n\t\t\t<div class=\"elementor-widget-wrap elementor-element-populated\">\n\t\t\t\t\t\t<div class=\"elementor-element elementor-element-6b00fe6 elementor-widget elementor-widget-text-editor\" data-id=\"6b00fe6\" data-element_type=\"widget\" data-e-type=\"widget\" data-widget_type=\"text-editor.default\">\n\t\t\t\t<div class=\"elementor-widget-container\">\n\t\t\t\t\t\t\t\t\t<p>Dans beaucoup d\u2019entreprises, lorsque la coop\u00e9ration devient difficile, les explications arrivent vite : surcharge de travail, pression des objectifs, manque d\u2019implication\u2026<\/p>\n<p><!-- \/wp:paragraph --><!-- wp:paragraph --><\/p>\n<p>Pourtant, dans de nombreuses \u00e9quipes, le vrai probl\u00e8me se situe ailleurs :<br \/>\ud83d\udc49 <strong>dans la mani\u00e8re dont les personnes communiquent entre elles.<\/strong><\/p>\n<p><!-- \/wp:paragraph --><!-- wp:paragraph --><\/p>\n<p>La coop\u00e9ration ne d\u00e9pend pas uniquement de l\u2019organisation ou des comp\u00e9tences techniques. Elle repose aussi sur la capacit\u00e9 des membres d\u2019une \u00e9quipe \u00e0 <strong>se comprendre, \u00e0 s\u2019ajuster et \u00e0 dialoguer efficacement<\/strong>.<\/p>\n<p><!-- \/wp:paragraph --><!-- wp:paragraph --><\/p>\n<p>Certains signaux sont particuli\u00e8rement r\u00e9v\u00e9lateurs lorsque la communication devient un frein au travail collectif.<\/p>\n<p><!-- \/wp:paragraph --><!-- wp:paragraph --><\/p>\n<p>Voici <strong>cinq signes fr\u00e9quents \u00e0 ne pas ignorer.<\/strong><\/p>\t\t\t\t\t\t\t\t<\/div>\n\t\t\t\t<\/div>\n\t\t\t\t\t<\/div>\n\t\t<\/div>\n\t\t\t\t\t<\/div>\n\t\t<\/section>\n\t\t\t\t<div class=\"elementor-element elementor-element-3acff73 elementor-widget elementor-widget-heading\" data-id=\"3acff73\" data-element_type=\"widget\" data-e-type=\"widget\" data-widget_type=\"heading.default\">\n\t\t\t\t<div class=\"elementor-widget-container\">\n\t\t\t\t\t<h2 class=\"elementor-heading-title elementor-size-default\">On se r\u00e9unit beaucoup\u2026 mais on avance peu.<\/h2>\t\t\t\t<\/div>\n\t\t\t\t<\/div>\n\t\t\t\t<div class=\"elementor-element elementor-element-bfa7711 elementor-widget elementor-widget-text-editor\" data-id=\"bfa7711\" data-element_type=\"widget\" data-e-type=\"widget\" data-widget_type=\"text-editor.default\">\n\t\t\t\t<div class=\"elementor-widget-container\">\n\t\t\t\t\t\t\t\t\t<!-- wp:paragraph -->\n<p class=\"wp-block-heading\">Les r\u00e9unions s\u2019encha\u00eenent, les discussions s\u2019allongent, mais les d\u00e9cisions tardent \u00e0 \u00e9merger.<br \/>Dans ces situations, le probl\u00e8me n\u2019est pas forc\u00e9ment le manque d\u2019engagement des participants. Il est souvent li\u00e9 \u00e0 des <strong>modes de fonctionnement diff\u00e9rents<\/strong>.<br \/>Certaines personnes ont besoin :<\/p>\n<!-- \/wp:paragraph --><!-- wp:list -->\n<ul class=\"wp-block-list\"><!-- wp:list-item -->\n<li>de structure et d\u2019ordre dans les \u00e9changes<\/li>\n<!-- \/wp:list-item --><!-- wp:list-item -->\n<li>de temps pour d\u00e9battre et partager leurs id\u00e9es<\/li>\n<!-- \/wp:list-item --><!-- wp:list-item -->\n<li>d\u2019aller rapidement vers l\u2019action et la d\u00e9cision<\/li>\n<!-- \/wp:list-item --><\/ul>\n<!-- \/wp:list --><!-- wp:paragraph -->\n<p>Lorsque ces besoins ne sont pas pris en compte, les r\u00e9unions deviennent longues, parfois frustrantes, et l\u2019\u00e9nergie collective se disperse.<\/p>\n<p>\u00a0<\/p>\n<!-- \/wp:separator --><!-- wp:paragraph --><!-- \/wp:paragraph -->\t\t\t\t\t\t\t\t<\/div>\n\t\t\t\t<\/div>\n\t\t\t\t<div class=\"elementor-element elementor-element-f5681f9 elementor-widget elementor-widget-heading\" data-id=\"f5681f9\" data-element_type=\"widget\" data-e-type=\"widget\" data-widget_type=\"heading.default\">\n\t\t\t\t<div class=\"elementor-widget-container\">\n\t\t\t\t\t<h2 class=\"elementor-heading-title elementor-size-default\">Un simple mail peut d\u00e9clencher une temp\u00eate<\/h2>\t\t\t\t<\/div>\n\t\t\t\t<\/div>\n\t\t\t\t<div class=\"elementor-element elementor-element-e460cfc elementor-widget elementor-widget-text-editor\" data-id=\"e460cfc\" data-element_type=\"widget\" data-e-type=\"widget\" data-widget_type=\"text-editor.default\">\n\t\t\t\t<div class=\"elementor-widget-container\">\n\t\t\t\t\t\t\t\t\t<p>Dans de nombreuses \u00e9quipes, les tensions commencent parfois par un message \u00e9crit.<br \/>Un mail consid\u00e9r\u00e9 comme <strong>clair et efficace<\/strong> par son auteur peut \u00eatre per\u00e7u comme <strong>sec, abrupt ou agressif<\/strong> par son destinataire.<br \/>Le fond du message est souvent pertinent, mais la forme utilis\u00e9e ne correspond pas forc\u00e9ment aux attentes relationnelles de l\u2019autre.<\/p>\n<p><!-- \/wp:paragraph --><!-- wp:paragraph --><\/p>\n<p>Ces incompr\u00e9hensions, souvent anodines au d\u00e9part, peuvent progressivement <strong>d\u00e9t\u00e9riorer la qualit\u00e9 des relations de travail.<\/strong><\/p>\t\t\t\t\t\t\t\t<\/div>\n\t\t\t\t<\/div>\n\t\t\t\t<div class=\"elementor-element elementor-element-30fb806 elementor-widget elementor-widget-heading\" data-id=\"30fb806\" data-element_type=\"widget\" data-e-type=\"widget\" data-widget_type=\"heading.default\">\n\t\t\t\t<div class=\"elementor-widget-container\">\n\t\t\t\t\t<h2 class=\"elementor-heading-title elementor-size-default\">Toujours les m\u00eames voix\u2026 et toujours les m\u00eames silences<\/h2>\t\t\t\t<\/div>\n\t\t\t\t<\/div>\n\t\t\t\t<div class=\"elementor-element elementor-element-8236077 elementor-widget elementor-widget-text-editor\" data-id=\"8236077\" data-element_type=\"widget\" data-e-type=\"widget\" data-widget_type=\"text-editor.default\">\n\t\t\t\t<div class=\"elementor-widget-container\">\n\t\t\t\t\t\t\t\t\t<p>Dans beaucoup de r\u00e9unions, un ph\u00e9nom\u00e8ne se r\u00e9p\u00e8te :<\/p>\n<p><!-- \/wp:paragraph --><!-- wp:list --><\/p>\n<ul class=\"wp-block-list\"><!-- wp:list-item -->\n<li>les profils extravertis prennent facilement la parole<\/li>\n<!-- \/wp:list-item --><!-- wp:list-item -->\n<li>les personnes plus r\u00e9serv\u00e9es interviennent peu, voire pas du tout<\/li>\n<!-- \/wp:list-item --><\/ul>\n<p><!-- \/wp:list --><!-- wp:paragraph --><\/p>\n<p>R\u00e9sultat : certaines id\u00e9es restent dans l\u2019ombre.<br \/>L\u2019\u00e9quipe perd alors <strong>des contributions pr\u00e9cieuses<\/strong>, simplement parce que le cadre de communication ne permet pas \u00e0 chacun de s\u2019exprimer de la m\u00eame mani\u00e8re.<br \/>Une coop\u00e9ration efficace n\u00e9cessite de <strong>donner une place \u00e0 des styles d\u2019expression diff\u00e9rents<\/strong>.<\/p>\t\t\t\t\t\t\t\t<\/div>\n\t\t\t\t<\/div>\n\t\t\t\t<div class=\"elementor-element elementor-element-dcb71d9 elementor-widget elementor-widget-heading\" data-id=\"dcb71d9\" data-element_type=\"widget\" data-e-type=\"widget\" data-widget_type=\"heading.default\">\n\t\t\t\t<div class=\"elementor-widget-container\">\n\t\t\t\t\t<h2 class=\"elementor-heading-title elementor-size-default\">Les d\u00e9saccords glissent du sujet vers la personne<\/h2>\t\t\t\t<\/div>\n\t\t\t\t<\/div>\n\t\t\t\t<div class=\"elementor-element elementor-element-83798f0 elementor-widget elementor-widget-text-editor\" data-id=\"83798f0\" data-element_type=\"widget\" data-e-type=\"widget\" data-widget_type=\"text-editor.default\">\n\t\t\t\t<div class=\"elementor-widget-container\">\n\t\t\t\t\t\t\t\t\t<p>Au d\u00e9part, les discussions portent sur un projet, une organisation ou une strat\u00e9gie.<br \/>Mais peu \u00e0 peu, le d\u00e9bat quitte le terrain des id\u00e9es pour se d\u00e9placer vers les individus. On ne discute plus seulement d\u2019une proposition, mais d\u2019un comportement, d\u2019un ton ou d\u2019une attitude.<br \/>Lorsque cela se produit, le climat relationnel se tend rapidement :<\/p>\n<p><!-- \/wp:paragraph --><!-- wp:list --><\/p>\n<ul class=\"wp-block-list\"><!-- wp:list-item -->\n<li>la confiance diminue<\/li>\n<!-- \/wp:list-item --><!-- wp:list-item -->\n<li>les positions se rigidifient<\/li>\n<!-- \/wp:list-item --><!-- wp:list-item -->\n<li>les conflits deviennent plus fr\u00e9quents<\/li>\n<!-- \/wp:list-item --><\/ul>\n<p><!-- \/wp:list --><!-- wp:paragraph --><\/p>\n<p>La coop\u00e9ration devient alors plus difficile \u00e0 maintenir.<\/p>\t\t\t\t\t\t\t\t<\/div>\n\t\t\t\t<\/div>\n\t\t\t\t<div class=\"elementor-element elementor-element-2f7e019 elementor-widget elementor-widget-heading\" data-id=\"2f7e019\" data-element_type=\"widget\" data-e-type=\"widget\" data-widget_type=\"heading.default\">\n\t\t\t\t<div class=\"elementor-widget-container\">\n\t\t\t\t\t<h2 class=\"elementor-heading-title elementor-size-default\">Le travail est fait\u2026 mais l\u2019\u00e9nergie a disparu<\/h2>\t\t\t\t<\/div>\n\t\t\t\t<\/div>\n\t\t\t\t<div class=\"elementor-element elementor-element-c47b053 elementor-widget elementor-widget-text-editor\" data-id=\"c47b053\" data-element_type=\"widget\" data-e-type=\"widget\" data-widget_type=\"text-editor.default\">\n\t\t\t\t<div class=\"elementor-widget-container\">\n\t\t\t\t\t\t\t\t\t<p>Dans certaines \u00e9quipes, les objectifs continuent d\u2019\u00eatre atteints. Les t\u00e2ches sont r\u00e9alis\u00e9es.<br \/>Pourtant, un ressenti collectif appara\u00eet : <strong>l\u2019enthousiasme n\u2019est plus l\u00e0.<br \/><\/strong>Lorsque chacun doit constamment s\u2019adapter aux modes de communication des autres sans r\u00e9ellement \u00eatre compris, une forme de <strong>fatigue relationnelle<\/strong> peut s\u2019installer.<br \/>Le travail continue, mais la dynamique collective s\u2019essouffle.<\/p>\t\t\t\t\t\t\t\t<\/div>\n\t\t\t\t<\/div>\n\t\t\t\t\t<\/div>\n\t\t<\/div>\n\t\t\t\t\t<\/div>\n\t\t<\/section>\n\t\t\t\t<section class=\"elementor-section elementor-top-section elementor-element elementor-element-d342f3b elementor-section-boxed elementor-section-height-default elementor-section-height-default\" data-id=\"d342f3b\" data-element_type=\"section\" data-e-type=\"section\" data-settings=\"{&quot;background_background&quot;:&quot;classic&quot;}\">\n\t\t\t\t\t\t<div class=\"elementor-container elementor-column-gap-default\">\n\t\t\t\t\t<div class=\"elementor-column elementor-col-100 elementor-top-column elementor-element elementor-element-c6fd4f3\" data-id=\"c6fd4f3\" data-element_type=\"column\" data-e-type=\"column\">\n\t\t\t<div class=\"elementor-widget-wrap elementor-element-populated\">\n\t\t\t\t\t\t<div class=\"elementor-element elementor-element-a6c0734 elementor-widget elementor-widget-heading\" data-id=\"a6c0734\" data-element_type=\"widget\" data-e-type=\"widget\" data-widget_type=\"heading.default\">\n\t\t\t\t<div class=\"elementor-widget-container\">\n\t\t\t\t\t<h2 class=\"elementor-heading-title elementor-size-default\">\ud83d\udca1Pourquoi ces difficult\u00e9s apparaissent elles ? <\/h2>\t\t\t\t<\/div>\n\t\t\t\t<\/div>\n\t\t\t\t<div class=\"elementor-element elementor-element-f2b1b8b elementor-widget elementor-widget-text-editor\" data-id=\"f2b1b8b\" data-element_type=\"widget\" data-e-type=\"widget\" data-widget_type=\"text-editor.default\">\n\t\t\t\t<div class=\"elementor-widget-container\">\n\t\t\t\t\t\t\t\t\t<p>Dans de nombreuses organisations, on suppose que la communication est une comp\u00e9tence naturelle.<br \/>En r\u00e9alit\u00e9, chacun poss\u00e8de :<\/p>\n<p><!-- \/wp:paragraph --><!-- wp:list --><\/p>\n<ul class=\"wp-block-list\"><!-- wp:list-item -->\n<li>ses propres besoins psychologiques<\/li>\n<!-- \/wp:list-item --><!-- wp:list-item -->\n<li>son style relationnel<\/li>\n<!-- \/wp:list-item --><!-- wp:list-item -->\n<li>sa mani\u00e8re de g\u00e9rer la pression ou les d\u00e9saccords<\/li>\n<!-- \/wp:list-item --><\/ul>\n<p><!-- \/wp:list --><!-- wp:paragraph --><\/p>\n<p>Lorsque ces diff\u00e9rences ne sont pas identifi\u00e9es, les malentendus se multiplient et la coop\u00e9ration devient plus fragile.<br \/>Comprendre ces m\u00e9canismes permet au contraire de <strong>mieux ajuster sa posture et sa communication<\/strong>, notamment dans les situations professionnelles exigeantes.<\/p>\t\t\t\t\t\t\t\t<\/div>\n\t\t\t\t<\/div>\n\t\t\t\t\t<\/div>\n\t\t<\/div>\n\t\t\t\t\t<\/div>\n\t\t<\/section>\n\t\t\t\t<section class=\"elementor-section elementor-top-section elementor-element elementor-element-161aa5b elementor-section-boxed elementor-section-height-default elementor-section-height-default\" data-id=\"161aa5b\" data-element_type=\"section\" data-e-type=\"section\">\n\t\t\t\t\t\t<div class=\"elementor-container elementor-column-gap-default\">\n\t\t\t\t\t<div class=\"elementor-column elementor-col-100 elementor-top-column elementor-element elementor-element-1baaad5\" data-id=\"1baaad5\" data-element_type=\"column\" data-e-type=\"column\">\n\t\t\t<div class=\"elementor-widget-wrap elementor-element-populated\">\n\t\t\t\t\t\t<div class=\"elementor-element elementor-element-5399ed3 elementor-widget elementor-widget-heading\" data-id=\"5399ed3\" data-element_type=\"widget\" data-e-type=\"widget\" data-widget_type=\"heading.default\">\n\t\t\t\t<div class=\"elementor-widget-container\">\n\t\t\t\t\t<h2 class=\"elementor-heading-title elementor-size-default\">D\u00e9velopper une communication qui favorise la coop\u00e9ration<\/h2>\t\t\t\t<\/div>\n\t\t\t\t<\/div>\n\t\t\t\t<div class=\"elementor-element elementor-element-567bb18 elementor-widget elementor-widget-text-editor\" data-id=\"567bb18\" data-element_type=\"widget\" data-e-type=\"widget\" data-widget_type=\"text-editor.default\">\n\t\t\t\t<div class=\"elementor-widget-container\">\n\t\t\t\t\t\t\t\t\t<p>Dans certaines \u00e9quipes, les objectifs continuent d\u2019\u00eatre atteints. Les t\u00e2ches sont r\u00e9alis\u00e9es.<br \/>Pourtant, un ressenti collectif appara\u00eet : <strong>l\u2019enthousiasme n\u2019est plus l\u00e0.<br \/><\/strong>Lorsque chacun doit constamment s\u2019adapter aux modes de communication des autres sans r\u00e9ellement \u00eatre compris, une forme de <strong>fatigue relationnelle<\/strong> peut s\u2019installer.<br \/>Le travail continue, mais la dynamique collective s\u2019essouffle.a coop\u00e9ration d\u2019une \u00e9quipe ne repose pas uniquement sur les comp\u00e9tences techniques.<\/p>\n<p><!-- \/wp:paragraph --><!-- wp:paragraph --><\/p>\n<p>Elle d\u00e9pend aussi de la capacit\u00e9 des collaborateurs et des managers \u00e0 :<\/p>\n<p><!-- \/wp:paragraph --><!-- wp:list --><\/p>\n<ul>\n<li style=\"list-style-type: none;\">\n<ul><!-- wp:list-item --><\/ul>\n<\/li>\n<\/ul>\n<p>\u00a0<\/p>\n<ul>\n<li style=\"list-style-type: none;\">\n<ul>\n<li>comprendre les diff\u00e9rents modes de fonctionnement<\/li>\n<\/ul>\n<\/li>\n<\/ul>\n<p><!-- \/wp:list-item --><!-- wp:list-item --><\/p>\n<ul>\n<li style=\"list-style-type: none;\">\n<ul>\n<li>adapter leur communication<\/li>\n<\/ul>\n<\/li>\n<\/ul>\n<p><!-- \/wp:list-item --><!-- wp:list-item --><\/p>\n<ul>\n<li style=\"list-style-type: none;\">\n<ul>\n<li>r\u00e9guler les tensions relationnelles<\/li>\n<\/ul>\n<\/li>\n<\/ul>\n<p><!-- \/wp:list-item --><\/p>\n<p><!-- \/wp:list --><!-- wp:paragraph --><\/p>\n<p>Ces comp\u00e9tences peuvent s\u2019apprendre et se d\u00e9velopper, notamment \u00e0 travers des approches comme la <strong>Process Communication<\/strong>, qui permet de mieux comprendre les comportements et les r\u00e9actions sous stress.<\/p>\n<p><!-- \/wp:paragraph --><!-- wp:paragraph --><\/p>\n<p>C\u2019est pr\u00e9cis\u00e9ment l\u2019un des objectifs des formations propos\u00e9es par <strong>BEKA Formation<\/strong>, qui accompagnent les \u00e9quipes et les dirigeants pour renforcer la communication et la coop\u00e9ration au travail.<\/p>\n<p>\ud83d\udcac <strong>Et vous ?<\/strong><\/p>\n<p>Parmi ces cinq signaux, lequel observez-vous le plus souvent dans les \u00e9quipes avec lesquelles vous travaillez ?<\/p>\t\t\t\t\t\t\t\t<\/div>\n\t\t\t\t<\/div>\n\t\t\t\t<section class=\"elementor-section elementor-inner-section elementor-element elementor-element-432203c elementor-section-boxed elementor-section-height-default elementor-section-height-default\" data-id=\"432203c\" data-element_type=\"section\" data-e-type=\"section\">\n\t\t\t\t\t\t<div class=\"elementor-container elementor-column-gap-default\">\n\t\t\t\t\t<div class=\"elementor-column elementor-col-50 elementor-inner-column elementor-element elementor-element-551eee9\" data-id=\"551eee9\" data-element_type=\"column\" data-e-type=\"column\">\n\t\t\t<div class=\"elementor-widget-wrap elementor-element-populated\">\n\t\t\t\t\t\t<div class=\"elementor-element elementor-element-bdc7b73 elementor-widget elementor-widget-image\" data-id=\"bdc7b73\" data-element_type=\"widget\" data-e-type=\"widget\" data-widget_type=\"image.default\">\n\t\t\t\t<div class=\"elementor-widget-container\">\n\t\t\t\t\t\t\t\t\t\t\t\t\t\t\t\t<a href=\"https:\/\/www.bekaformation.fr\/pro-formation-professionnelle-dordogne-beka-formation\/vente-et-accueil\/pcm-decouvrir\/\">\n\t\t\t\t\t\t\t<img fetchpriority=\"high\" decoding=\"async\" width=\"300\" height=\"300\" src=\"https:\/\/i0.wp.com\/www.bekaformation.fr\/wp-content\/uploads\/2026\/01\/Bien-communiquer-pour-mieux-travailler-ensemble.png?fit=300%2C300&amp;ssl=1\" class=\"attachment-medium size-medium wp-image-13426\" alt=\"\" srcset=\"https:\/\/i0.wp.com\/www.bekaformation.fr\/wp-content\/uploads\/2026\/01\/Bien-communiquer-pour-mieux-travailler-ensemble.png?w=500&amp;ssl=1 500w, https:\/\/i0.wp.com\/www.bekaformation.fr\/wp-content\/uploads\/2026\/01\/Bien-communiquer-pour-mieux-travailler-ensemble.png?resize=300%2C300&amp;ssl=1 300w, https:\/\/i0.wp.com\/www.bekaformation.fr\/wp-content\/uploads\/2026\/01\/Bien-communiquer-pour-mieux-travailler-ensemble.png?resize=150%2C150&amp;ssl=1 150w, https:\/\/i0.wp.com\/www.bekaformation.fr\/wp-content\/uploads\/2026\/01\/Bien-communiquer-pour-mieux-travailler-ensemble.png?resize=100%2C100&amp;ssl=1 100w\" sizes=\"(max-width: 300px) 100vw, 300px\" \/>\t\t\t\t\t\t\t\t<\/a>\n\t\t\t\t\t\t\t\t\t\t\t\t\t\t\t<\/div>\n\t\t\t\t<\/div>\n\t\t\t\t\t<\/div>\n\t\t<\/div>\n\t\t\t\t<div class=\"elementor-column elementor-col-50 elementor-inner-column elementor-element elementor-element-875336f\" data-id=\"875336f\" data-element_type=\"column\" data-e-type=\"column\">\n\t\t\t<div class=\"elementor-widget-wrap elementor-element-populated\">\n\t\t\t\t\t\t<div class=\"elementor-element elementor-element-2d020d5 elementor-widget elementor-widget-image\" data-id=\"2d020d5\" data-element_type=\"widget\" data-e-type=\"widget\" data-widget_type=\"image.default\">\n\t\t\t\t<div class=\"elementor-widget-container\">\n\t\t\t\t\t\t\t\t\t\t\t\t\t\t\t\t<a href=\"https:\/\/www.bekaformation.fr\/pro-formation-professionnelle-dordogne-beka-formation\/soft-skills-savoir-etre\/disc-bien-communiquer-mieux-collaborer\/\">\n\t\t\t\t\t\t\t<img decoding=\"async\" width=\"300\" height=\"300\" src=\"https:\/\/i0.wp.com\/www.bekaformation.fr\/wp-content\/uploads\/2026\/03\/Bien-communiquer-pour-mieux-travailler-ensemble-1.jpg?fit=300%2C300&amp;ssl=1\" class=\"attachment-medium size-medium wp-image-13602\" alt=\"\" srcset=\"https:\/\/i0.wp.com\/www.bekaformation.fr\/wp-content\/uploads\/2026\/03\/Bien-communiquer-pour-mieux-travailler-ensemble-1.jpg?w=500&amp;ssl=1 500w, https:\/\/i0.wp.com\/www.bekaformation.fr\/wp-content\/uploads\/2026\/03\/Bien-communiquer-pour-mieux-travailler-ensemble-1.jpg?resize=300%2C300&amp;ssl=1 300w, https:\/\/i0.wp.com\/www.bekaformation.fr\/wp-content\/uploads\/2026\/03\/Bien-communiquer-pour-mieux-travailler-ensemble-1.jpg?resize=150%2C150&amp;ssl=1 150w, https:\/\/i0.wp.com\/www.bekaformation.fr\/wp-content\/uploads\/2026\/03\/Bien-communiquer-pour-mieux-travailler-ensemble-1.jpg?resize=100%2C100&amp;ssl=1 100w\" sizes=\"(max-width: 300px) 100vw, 300px\" \/>\t\t\t\t\t\t\t\t<\/a>\n\t\t\t\t\t\t\t\t\t\t\t\t\t\t\t<\/div>\n\t\t\t\t<\/div>\n\t\t\t\t\t<\/div>\n\t\t<\/div>\n\t\t\t\t\t<\/div>\n\t\t<\/section>\n\t\t\t\t\t<\/div>\n\t\t<\/div>\n\t\t\t\t\t<\/div>\n\t\t<\/section>\n\t\t\t\t<\/div>\n\t\t","protected":false},"excerpt":{"rendered":"<p>5 signaux qui montrent que la communication freine la coop\u00e9ration dans une \u00e9quipe Dans beaucoup d\u2019entreprises, lorsque la coop\u00e9ration devient difficile, les explications arrivent vite : surcharge de travail, pression des objectifs, manque d\u2019implication\u2026 Pourtant, dans de nombreuses \u00e9quipes, le vrai probl\u00e8me se situe ailleurs :\ud83d\udc49 dans la mani\u00e8re dont les personnes communiquent entre elles. &#8230; <a title=\"5 signaux qui montrent que la communication freine la coop\u00e9ration dans une \u00e9quipe\" class=\"read-more\" href=\"https:\/\/www.bekaformation.fr\/pro-formation-professionnelle-dordogne-beka-formation\/5-signaux-qui-montrent-que-la-communication-freine-la-cooperation-dans-une-equipe\/\" aria-label=\"En savoir plus sur 5 signaux qui montrent que la communication freine la coop\u00e9ration dans une \u00e9quipe\">Lire la suite<\/a><\/p>\n","protected":false},"author":1,"featured_media":13601,"comment_status":"open","ping_status":"open","sticky":false,"template":"","format":"standard","meta":{"_eb_attr":"","_jetpack_memberships_contains_paid_content":false,"footnotes":"","jetpack_publicize_message":"","jetpack_publicize_feature_enabled":true,"jetpack_social_post_already_shared":true,"jetpack_social_options":{"image_generator_settings":{"template":"highway","enabled":false},"version":2}},"categories":[34],"tags":[],"class_list":["post-13599","post","type-post","status-publish","format-standard","has-post-thumbnail","hentry","category-blog"],"yoast_head":"<!-- This site is optimized with the Yoast SEO plugin v27.4 - https:\/\/yoast.com\/product\/yoast-seo-wordpress\/ -->\n<title>5 signaux qui montrent que la communication freine la coop\u00e9ration dans une \u00e9quipe -<\/title>\n<meta name=\"description\" content=\"Coop\u00e9ration d\u2019\u00e9quipe : 5 signaux qui montrent que la communication freine le travail collectif et la dynamique d\u2019une \u00e9quipe.\" \/>\n<meta name=\"robots\" content=\"index, follow, max-snippet:-1, max-image-preview:large, max-video-preview:-1\" \/>\n<link rel=\"canonical\" href=\"https:\/\/www.bekaformation.fr\/pro-formation-professionnelle-dordogne-beka-formation\/5-signaux-qui-montrent-que-la-communication-freine-la-cooperation-dans-une-equipe\/\" \/>\n<meta property=\"og:locale\" content=\"fr_FR\" \/>\n<meta property=\"og:type\" content=\"article\" \/>\n<meta property=\"og:title\" content=\"5 signaux qui montrent que la communication freine la coop\u00e9ration dans une \u00e9quipe -\" \/>\n<meta property=\"og:description\" content=\"Coop\u00e9ration d\u2019\u00e9quipe : 5 signaux qui montrent que la communication freine le travail collectif et la dynamique d\u2019une \u00e9quipe.\" \/>\n<meta property=\"og:url\" content=\"https:\/\/www.bekaformation.fr\/pro-formation-professionnelle-dordogne-beka-formation\/5-signaux-qui-montrent-que-la-communication-freine-la-cooperation-dans-une-equipe\/\" \/>\n<meta property=\"article:publisher\" content=\"https:\/\/www.facebook.com\/bekaformation\" \/>\n<meta property=\"article:published_time\" content=\"2026-03-13T16:42:13+00:00\" \/>\n<meta property=\"article:modified_time\" content=\"2026-03-13T17:45:31+00:00\" \/>\n<meta property=\"og:image\" content=\"https:\/\/www.bekaformation.fr\/wp-content\/uploads\/2026\/03\/5-signaux-communication.png\" \/>\n\t<meta property=\"og:image:width\" content=\"1200\" \/>\n\t<meta property=\"og:image:height\" content=\"1200\" \/>\n\t<meta property=\"og:image:type\" content=\"image\/png\" \/>\n<meta name=\"author\" content=\"BEKA Formation\" \/>\n<meta name=\"twitter:card\" content=\"summary_large_image\" \/>\n<meta name=\"twitter:label1\" content=\"\u00c9crit par\" \/>\n\t<meta name=\"twitter:data1\" content=\"BEKA Formation\" \/>\n\t<meta name=\"twitter:label2\" content=\"Dur\u00e9e de lecture estim\u00e9e\" \/>\n\t<meta name=\"twitter:data2\" content=\"5 minutes\" \/>\n<script type=\"application\/ld+json\" class=\"yoast-schema-graph\">{\"@context\":\"https:\\\/\\\/schema.org\",\"@graph\":[{\"@type\":\"Article\",\"@id\":\"https:\\\/\\\/www.bekaformation.fr\\\/pro-formation-professionnelle-dordogne-beka-formation\\\/5-signaux-qui-montrent-que-la-communication-freine-la-cooperation-dans-une-equipe\\\/#article\",\"isPartOf\":{\"@id\":\"https:\\\/\\\/www.bekaformation.fr\\\/pro-formation-professionnelle-dordogne-beka-formation\\\/5-signaux-qui-montrent-que-la-communication-freine-la-cooperation-dans-une-equipe\\\/\"},\"author\":{\"name\":\"BEKA Formation\",\"@id\":\"https:\\\/\\\/www.bekaformation.fr\\\/pro-formation-professionnelle-dordogne-beka-formation\\\/#\\\/schema\\\/person\\\/e7c1d03e42c4bdcb91806f517c01e8e1\"},\"headline\":\"5 signaux qui montrent que la communication freine la coop\u00e9ration dans une \u00e9quipe\",\"datePublished\":\"2026-03-13T16:42:13+00:00\",\"dateModified\":\"2026-03-13T17:45:31+00:00\",\"mainEntityOfPage\":{\"@id\":\"https:\\\/\\\/www.bekaformation.fr\\\/pro-formation-professionnelle-dordogne-beka-formation\\\/5-signaux-qui-montrent-que-la-communication-freine-la-cooperation-dans-une-equipe\\\/\"},\"wordCount\":863,\"commentCount\":0,\"publisher\":{\"@id\":\"https:\\\/\\\/www.bekaformation.fr\\\/pro-formation-professionnelle-dordogne-beka-formation\\\/#organization\"},\"image\":{\"@id\":\"https:\\\/\\\/www.bekaformation.fr\\\/pro-formation-professionnelle-dordogne-beka-formation\\\/5-signaux-qui-montrent-que-la-communication-freine-la-cooperation-dans-une-equipe\\\/#primaryimage\"},\"thumbnailUrl\":\"https:\\\/\\\/i0.wp.com\\\/www.bekaformation.fr\\\/wp-content\\\/uploads\\\/2026\\\/03\\\/5-signaux-communication.png?fit=1200%2C1200&ssl=1\",\"articleSection\":[\"Blog\"],\"inLanguage\":\"fr-FR\",\"potentialAction\":[{\"@type\":\"CommentAction\",\"name\":\"Comment\",\"target\":[\"https:\\\/\\\/www.bekaformation.fr\\\/pro-formation-professionnelle-dordogne-beka-formation\\\/5-signaux-qui-montrent-que-la-communication-freine-la-cooperation-dans-une-equipe\\\/#respond\"]}]},{\"@type\":\"WebPage\",\"@id\":\"https:\\\/\\\/www.bekaformation.fr\\\/pro-formation-professionnelle-dordogne-beka-formation\\\/5-signaux-qui-montrent-que-la-communication-freine-la-cooperation-dans-une-equipe\\\/\",\"url\":\"https:\\\/\\\/www.bekaformation.fr\\\/pro-formation-professionnelle-dordogne-beka-formation\\\/5-signaux-qui-montrent-que-la-communication-freine-la-cooperation-dans-une-equipe\\\/\",\"name\":\"5 signaux qui montrent que la communication freine la coop\u00e9ration dans une \u00e9quipe -\",\"isPartOf\":{\"@id\":\"https:\\\/\\\/www.bekaformation.fr\\\/pro-formation-professionnelle-dordogne-beka-formation\\\/#website\"},\"primaryImageOfPage\":{\"@id\":\"https:\\\/\\\/www.bekaformation.fr\\\/pro-formation-professionnelle-dordogne-beka-formation\\\/5-signaux-qui-montrent-que-la-communication-freine-la-cooperation-dans-une-equipe\\\/#primaryimage\"},\"image\":{\"@id\":\"https:\\\/\\\/www.bekaformation.fr\\\/pro-formation-professionnelle-dordogne-beka-formation\\\/5-signaux-qui-montrent-que-la-communication-freine-la-cooperation-dans-une-equipe\\\/#primaryimage\"},\"thumbnailUrl\":\"https:\\\/\\\/i0.wp.com\\\/www.bekaformation.fr\\\/wp-content\\\/uploads\\\/2026\\\/03\\\/5-signaux-communication.png?fit=1200%2C1200&ssl=1\",\"datePublished\":\"2026-03-13T16:42:13+00:00\",\"dateModified\":\"2026-03-13T17:45:31+00:00\",\"description\":\"Coop\u00e9ration d\u2019\u00e9quipe : 5 signaux qui montrent que la communication freine le travail collectif et la dynamique d\u2019une \u00e9quipe.\",\"breadcrumb\":{\"@id\":\"https:\\\/\\\/www.bekaformation.fr\\\/pro-formation-professionnelle-dordogne-beka-formation\\\/5-signaux-qui-montrent-que-la-communication-freine-la-cooperation-dans-une-equipe\\\/#breadcrumb\"},\"inLanguage\":\"fr-FR\",\"potentialAction\":[{\"@type\":\"ReadAction\",\"target\":[\"https:\\\/\\\/www.bekaformation.fr\\\/pro-formation-professionnelle-dordogne-beka-formation\\\/5-signaux-qui-montrent-que-la-communication-freine-la-cooperation-dans-une-equipe\\\/\"]}]},{\"@type\":\"ImageObject\",\"inLanguage\":\"fr-FR\",\"@id\":\"https:\\\/\\\/www.bekaformation.fr\\\/pro-formation-professionnelle-dordogne-beka-formation\\\/5-signaux-qui-montrent-que-la-communication-freine-la-cooperation-dans-une-equipe\\\/#primaryimage\",\"url\":\"https:\\\/\\\/i0.wp.com\\\/www.bekaformation.fr\\\/wp-content\\\/uploads\\\/2026\\\/03\\\/5-signaux-communication.png?fit=1200%2C1200&ssl=1\",\"contentUrl\":\"https:\\\/\\\/i0.wp.com\\\/www.bekaformation.fr\\\/wp-content\\\/uploads\\\/2026\\\/03\\\/5-signaux-communication.png?fit=1200%2C1200&ssl=1\",\"width\":1200,\"height\":1200},{\"@type\":\"BreadcrumbList\",\"@id\":\"https:\\\/\\\/www.bekaformation.fr\\\/pro-formation-professionnelle-dordogne-beka-formation\\\/5-signaux-qui-montrent-que-la-communication-freine-la-cooperation-dans-une-equipe\\\/#breadcrumb\",\"itemListElement\":[{\"@type\":\"ListItem\",\"position\":1,\"name\":\"Accueil\",\"item\":\"https:\\\/\\\/www.bekaformation.fr\\\/pro-formation-professionnelle-dordogne-beka-formation\\\/\"},{\"@type\":\"ListItem\",\"position\":2,\"name\":\"5 signaux qui montrent que la communication freine la coop\u00e9ration dans une \u00e9quipe\"}]},{\"@type\":\"WebSite\",\"@id\":\"https:\\\/\\\/www.bekaformation.fr\\\/pro-formation-professionnelle-dordogne-beka-formation\\\/#website\",\"url\":\"https:\\\/\\\/www.bekaformation.fr\\\/pro-formation-professionnelle-dordogne-beka-formation\\\/\",\"name\":\"Beka Formation\",\"description\":\"Formation professionnelle Dordogne\",\"publisher\":{\"@id\":\"https:\\\/\\\/www.bekaformation.fr\\\/pro-formation-professionnelle-dordogne-beka-formation\\\/#organization\"},\"potentialAction\":[{\"@type\":\"SearchAction\",\"target\":{\"@type\":\"EntryPoint\",\"urlTemplate\":\"https:\\\/\\\/www.bekaformation.fr\\\/pro-formation-professionnelle-dordogne-beka-formation\\\/?s={search_term_string}\"},\"query-input\":{\"@type\":\"PropertyValueSpecification\",\"valueRequired\":true,\"valueName\":\"search_term_string\"}}],\"inLanguage\":\"fr-FR\"},{\"@type\":\"Organization\",\"@id\":\"https:\\\/\\\/www.bekaformation.fr\\\/pro-formation-professionnelle-dordogne-beka-formation\\\/#organization\",\"name\":\"BEKA Formation\",\"url\":\"https:\\\/\\\/www.bekaformation.fr\\\/pro-formation-professionnelle-dordogne-beka-formation\\\/\",\"logo\":{\"@type\":\"ImageObject\",\"inLanguage\":\"fr-FR\",\"@id\":\"https:\\\/\\\/www.bekaformation.fr\\\/pro-formation-professionnelle-dordogne-beka-formation\\\/#\\\/schema\\\/logo\\\/image\\\/\",\"url\":\"https:\\\/\\\/i0.wp.com\\\/www.bekaformation.fr\\\/wp-content\\\/uploads\\\/2021\\\/01\\\/cropped-cropped-cropped-cropped-Logo-BEKA-Transparent-e1630487208816.png?fit=100%2C55&ssl=1\",\"contentUrl\":\"https:\\\/\\\/i0.wp.com\\\/www.bekaformation.fr\\\/wp-content\\\/uploads\\\/2021\\\/01\\\/cropped-cropped-cropped-cropped-Logo-BEKA-Transparent-e1630487208816.png?fit=100%2C55&ssl=1\",\"width\":100,\"height\":55,\"caption\":\"BEKA Formation\"},\"image\":{\"@id\":\"https:\\\/\\\/www.bekaformation.fr\\\/pro-formation-professionnelle-dordogne-beka-formation\\\/#\\\/schema\\\/logo\\\/image\\\/\"},\"sameAs\":[\"https:\\\/\\\/www.facebook.com\\\/bekaformation\",\"https:\\\/\\\/www.linkedin.com\\\/company\\\/beka-formation\"]},{\"@type\":\"Person\",\"@id\":\"https:\\\/\\\/www.bekaformation.fr\\\/pro-formation-professionnelle-dordogne-beka-formation\\\/#\\\/schema\\\/person\\\/e7c1d03e42c4bdcb91806f517c01e8e1\",\"name\":\"BEKA Formation\",\"image\":{\"@type\":\"ImageObject\",\"inLanguage\":\"fr-FR\",\"@id\":\"https:\\\/\\\/secure.gravatar.com\\\/avatar\\\/cb404126c7f87e91f50c3d0520079309ae442479673f0d8ff6ab82215d1cea0b?s=96&d=mm&r=g\",\"url\":\"https:\\\/\\\/secure.gravatar.com\\\/avatar\\\/cb404126c7f87e91f50c3d0520079309ae442479673f0d8ff6ab82215d1cea0b?s=96&d=mm&r=g\",\"contentUrl\":\"https:\\\/\\\/secure.gravatar.com\\\/avatar\\\/cb404126c7f87e91f50c3d0520079309ae442479673f0d8ff6ab82215d1cea0b?s=96&d=mm&r=g\",\"caption\":\"BEKA Formation\"},\"sameAs\":[\"http:\\\/\\\/www.bekaformation.fr\"]}]}<\/script>\n<!-- \/ Yoast SEO plugin. -->","yoast_head_json":{"title":"5 signaux qui montrent que la communication freine la coop\u00e9ration dans une \u00e9quipe -","description":"Coop\u00e9ration d\u2019\u00e9quipe : 5 signaux qui montrent que la communication freine le travail collectif et la dynamique d\u2019une \u00e9quipe.","robots":{"index":"index","follow":"follow","max-snippet":"max-snippet:-1","max-image-preview":"max-image-preview:large","max-video-preview":"max-video-preview:-1"},"canonical":"https:\/\/www.bekaformation.fr\/pro-formation-professionnelle-dordogne-beka-formation\/5-signaux-qui-montrent-que-la-communication-freine-la-cooperation-dans-une-equipe\/","og_locale":"fr_FR","og_type":"article","og_title":"5 signaux qui montrent que la communication freine la coop\u00e9ration dans une \u00e9quipe -","og_description":"Coop\u00e9ration d\u2019\u00e9quipe : 5 signaux qui montrent que la communication freine le travail collectif et la dynamique d\u2019une \u00e9quipe.","og_url":"https:\/\/www.bekaformation.fr\/pro-formation-professionnelle-dordogne-beka-formation\/5-signaux-qui-montrent-que-la-communication-freine-la-cooperation-dans-une-equipe\/","article_publisher":"https:\/\/www.facebook.com\/bekaformation","article_published_time":"2026-03-13T16:42:13+00:00","article_modified_time":"2026-03-13T17:45:31+00:00","og_image":[{"width":1200,"height":1200,"url":"https:\/\/www.bekaformation.fr\/wp-content\/uploads\/2026\/03\/5-signaux-communication.png","type":"image\/png"}],"author":"BEKA Formation","twitter_card":"summary_large_image","twitter_misc":{"\u00c9crit par":"BEKA Formation","Dur\u00e9e de lecture estim\u00e9e":"5 minutes"},"schema":{"@context":"https:\/\/schema.org","@graph":[{"@type":"Article","@id":"https:\/\/www.bekaformation.fr\/pro-formation-professionnelle-dordogne-beka-formation\/5-signaux-qui-montrent-que-la-communication-freine-la-cooperation-dans-une-equipe\/#article","isPartOf":{"@id":"https:\/\/www.bekaformation.fr\/pro-formation-professionnelle-dordogne-beka-formation\/5-signaux-qui-montrent-que-la-communication-freine-la-cooperation-dans-une-equipe\/"},"author":{"name":"BEKA Formation","@id":"https:\/\/www.bekaformation.fr\/pro-formation-professionnelle-dordogne-beka-formation\/#\/schema\/person\/e7c1d03e42c4bdcb91806f517c01e8e1"},"headline":"5 signaux qui montrent que la communication freine la coop\u00e9ration dans une \u00e9quipe","datePublished":"2026-03-13T16:42:13+00:00","dateModified":"2026-03-13T17:45:31+00:00","mainEntityOfPage":{"@id":"https:\/\/www.bekaformation.fr\/pro-formation-professionnelle-dordogne-beka-formation\/5-signaux-qui-montrent-que-la-communication-freine-la-cooperation-dans-une-equipe\/"},"wordCount":863,"commentCount":0,"publisher":{"@id":"https:\/\/www.bekaformation.fr\/pro-formation-professionnelle-dordogne-beka-formation\/#organization"},"image":{"@id":"https:\/\/www.bekaformation.fr\/pro-formation-professionnelle-dordogne-beka-formation\/5-signaux-qui-montrent-que-la-communication-freine-la-cooperation-dans-une-equipe\/#primaryimage"},"thumbnailUrl":"https:\/\/i0.wp.com\/www.bekaformation.fr\/wp-content\/uploads\/2026\/03\/5-signaux-communication.png?fit=1200%2C1200&ssl=1","articleSection":["Blog"],"inLanguage":"fr-FR","potentialAction":[{"@type":"CommentAction","name":"Comment","target":["https:\/\/www.bekaformation.fr\/pro-formation-professionnelle-dordogne-beka-formation\/5-signaux-qui-montrent-que-la-communication-freine-la-cooperation-dans-une-equipe\/#respond"]}]},{"@type":"WebPage","@id":"https:\/\/www.bekaformation.fr\/pro-formation-professionnelle-dordogne-beka-formation\/5-signaux-qui-montrent-que-la-communication-freine-la-cooperation-dans-une-equipe\/","url":"https:\/\/www.bekaformation.fr\/pro-formation-professionnelle-dordogne-beka-formation\/5-signaux-qui-montrent-que-la-communication-freine-la-cooperation-dans-une-equipe\/","name":"5 signaux qui montrent que la communication freine la coop\u00e9ration dans une \u00e9quipe -","isPartOf":{"@id":"https:\/\/www.bekaformation.fr\/pro-formation-professionnelle-dordogne-beka-formation\/#website"},"primaryImageOfPage":{"@id":"https:\/\/www.bekaformation.fr\/pro-formation-professionnelle-dordogne-beka-formation\/5-signaux-qui-montrent-que-la-communication-freine-la-cooperation-dans-une-equipe\/#primaryimage"},"image":{"@id":"https:\/\/www.bekaformation.fr\/pro-formation-professionnelle-dordogne-beka-formation\/5-signaux-qui-montrent-que-la-communication-freine-la-cooperation-dans-une-equipe\/#primaryimage"},"thumbnailUrl":"https:\/\/i0.wp.com\/www.bekaformation.fr\/wp-content\/uploads\/2026\/03\/5-signaux-communication.png?fit=1200%2C1200&ssl=1","datePublished":"2026-03-13T16:42:13+00:00","dateModified":"2026-03-13T17:45:31+00:00","description":"Coop\u00e9ration d\u2019\u00e9quipe : 5 signaux qui montrent que la communication freine le travail collectif et la dynamique d\u2019une \u00e9quipe.","breadcrumb":{"@id":"https:\/\/www.bekaformation.fr\/pro-formation-professionnelle-dordogne-beka-formation\/5-signaux-qui-montrent-que-la-communication-freine-la-cooperation-dans-une-equipe\/#breadcrumb"},"inLanguage":"fr-FR","potentialAction":[{"@type":"ReadAction","target":["https:\/\/www.bekaformation.fr\/pro-formation-professionnelle-dordogne-beka-formation\/5-signaux-qui-montrent-que-la-communication-freine-la-cooperation-dans-une-equipe\/"]}]},{"@type":"ImageObject","inLanguage":"fr-FR","@id":"https:\/\/www.bekaformation.fr\/pro-formation-professionnelle-dordogne-beka-formation\/5-signaux-qui-montrent-que-la-communication-freine-la-cooperation-dans-une-equipe\/#primaryimage","url":"https:\/\/i0.wp.com\/www.bekaformation.fr\/wp-content\/uploads\/2026\/03\/5-signaux-communication.png?fit=1200%2C1200&ssl=1","contentUrl":"https:\/\/i0.wp.com\/www.bekaformation.fr\/wp-content\/uploads\/2026\/03\/5-signaux-communication.png?fit=1200%2C1200&ssl=1","width":1200,"height":1200},{"@type":"BreadcrumbList","@id":"https:\/\/www.bekaformation.fr\/pro-formation-professionnelle-dordogne-beka-formation\/5-signaux-qui-montrent-que-la-communication-freine-la-cooperation-dans-une-equipe\/#breadcrumb","itemListElement":[{"@type":"ListItem","position":1,"name":"Accueil","item":"https:\/\/www.bekaformation.fr\/pro-formation-professionnelle-dordogne-beka-formation\/"},{"@type":"ListItem","position":2,"name":"5 signaux qui montrent que la communication freine la coop\u00e9ration dans une \u00e9quipe"}]},{"@type":"WebSite","@id":"https:\/\/www.bekaformation.fr\/pro-formation-professionnelle-dordogne-beka-formation\/#website","url":"https:\/\/www.bekaformation.fr\/pro-formation-professionnelle-dordogne-beka-formation\/","name":"Beka Formation","description":"Formation professionnelle Dordogne","publisher":{"@id":"https:\/\/www.bekaformation.fr\/pro-formation-professionnelle-dordogne-beka-formation\/#organization"},"potentialAction":[{"@type":"SearchAction","target":{"@type":"EntryPoint","urlTemplate":"https:\/\/www.bekaformation.fr\/pro-formation-professionnelle-dordogne-beka-formation\/?s={search_term_string}"},"query-input":{"@type":"PropertyValueSpecification","valueRequired":true,"valueName":"search_term_string"}}],"inLanguage":"fr-FR"},{"@type":"Organization","@id":"https:\/\/www.bekaformation.fr\/pro-formation-professionnelle-dordogne-beka-formation\/#organization","name":"BEKA Formation","url":"https:\/\/www.bekaformation.fr\/pro-formation-professionnelle-dordogne-beka-formation\/","logo":{"@type":"ImageObject","inLanguage":"fr-FR","@id":"https:\/\/www.bekaformation.fr\/pro-formation-professionnelle-dordogne-beka-formation\/#\/schema\/logo\/image\/","url":"https:\/\/i0.wp.com\/www.bekaformation.fr\/wp-content\/uploads\/2021\/01\/cropped-cropped-cropped-cropped-Logo-BEKA-Transparent-e1630487208816.png?fit=100%2C55&ssl=1","contentUrl":"https:\/\/i0.wp.com\/www.bekaformation.fr\/wp-content\/uploads\/2021\/01\/cropped-cropped-cropped-cropped-Logo-BEKA-Transparent-e1630487208816.png?fit=100%2C55&ssl=1","width":100,"height":55,"caption":"BEKA Formation"},"image":{"@id":"https:\/\/www.bekaformation.fr\/pro-formation-professionnelle-dordogne-beka-formation\/#\/schema\/logo\/image\/"},"sameAs":["https:\/\/www.facebook.com\/bekaformation","https:\/\/www.linkedin.com\/company\/beka-formation"]},{"@type":"Person","@id":"https:\/\/www.bekaformation.fr\/pro-formation-professionnelle-dordogne-beka-formation\/#\/schema\/person\/e7c1d03e42c4bdcb91806f517c01e8e1","name":"BEKA Formation","image":{"@type":"ImageObject","inLanguage":"fr-FR","@id":"https:\/\/secure.gravatar.com\/avatar\/cb404126c7f87e91f50c3d0520079309ae442479673f0d8ff6ab82215d1cea0b?s=96&d=mm&r=g","url":"https:\/\/secure.gravatar.com\/avatar\/cb404126c7f87e91f50c3d0520079309ae442479673f0d8ff6ab82215d1cea0b?s=96&d=mm&r=g","contentUrl":"https:\/\/secure.gravatar.com\/avatar\/cb404126c7f87e91f50c3d0520079309ae442479673f0d8ff6ab82215d1cea0b?s=96&d=mm&r=g","caption":"BEKA Formation"},"sameAs":["http:\/\/www.bekaformation.fr"]}]}},"jetpack_publicize_connections":[],"jetpack_featured_media_url":"https:\/\/i0.wp.com\/www.bekaformation.fr\/wp-content\/uploads\/2026\/03\/5-signaux-communication.png?fit=1200%2C1200&ssl=1","jetpack_sharing_enabled":true,"jetpack_likes_enabled":true,"_links":{"self":[{"href":"https:\/\/www.bekaformation.fr\/pro-formation-professionnelle-dordogne-beka-formation\/wp-json\/wp\/v2\/posts\/13599","targetHints":{"allow":["GET"]}}],"collection":[{"href":"https:\/\/www.bekaformation.fr\/pro-formation-professionnelle-dordogne-beka-formation\/wp-json\/wp\/v2\/posts"}],"about":[{"href":"https:\/\/www.bekaformation.fr\/pro-formation-professionnelle-dordogne-beka-formation\/wp-json\/wp\/v2\/types\/post"}],"author":[{"embeddable":true,"href":"https:\/\/www.bekaformation.fr\/pro-formation-professionnelle-dordogne-beka-formation\/wp-json\/wp\/v2\/users\/1"}],"replies":[{"embeddable":true,"href":"https:\/\/www.bekaformation.fr\/pro-formation-professionnelle-dordogne-beka-formation\/wp-json\/wp\/v2\/comments?post=13599"}],"version-history":[{"count":7,"href":"https:\/\/www.bekaformation.fr\/pro-formation-professionnelle-dordogne-beka-formation\/wp-json\/wp\/v2\/posts\/13599\/revisions"}],"predecessor-version":[{"id":13608,"href":"https:\/\/www.bekaformation.fr\/pro-formation-professionnelle-dordogne-beka-formation\/wp-json\/wp\/v2\/posts\/13599\/revisions\/13608"}],"wp:featuredmedia":[{"embeddable":true,"href":"https:\/\/www.bekaformation.fr\/pro-formation-professionnelle-dordogne-beka-formation\/wp-json\/wp\/v2\/media\/13601"}],"wp:attachment":[{"href":"https:\/\/www.bekaformation.fr\/pro-formation-professionnelle-dordogne-beka-formation\/wp-json\/wp\/v2\/media?parent=13599"}],"wp:term":[{"taxonomy":"category","embeddable":true,"href":"https:\/\/www.bekaformation.fr\/pro-formation-professionnelle-dordogne-beka-formation\/wp-json\/wp\/v2\/categories?post=13599"},{"taxonomy":"post_tag","embeddable":true,"href":"https:\/\/www.bekaformation.fr\/pro-formation-professionnelle-dordogne-beka-formation\/wp-json\/wp\/v2\/tags?post=13599"}],"curies":[{"name":"wp","href":"https:\/\/api.w.org\/{rel}","templated":true}]}}