{"id":13592,"date":"2026-03-10T10:50:12","date_gmt":"2026-03-10T10:50:12","guid":{"rendered":"https:\/\/www.bekaformation.fr\/pro-formation-professionnelle-dordogne-beka-formation\/?p=13592"},"modified":"2026-03-13T17:57:44","modified_gmt":"2026-03-13T17:57:44","slug":"pourquoi-le-disc-change-la-vente-aujourdhui","status":"publish","type":"post","link":"https:\/\/www.bekaformation.fr\/pro-formation-professionnelle-dordogne-beka-formation\/pourquoi-le-disc-change-la-vente-aujourdhui\/","title":{"rendered":"Pourquoi le DISC change la vente aujourd&#8217;hui"},"content":{"rendered":"\t\t<div data-elementor-type=\"wp-post\" data-elementor-id=\"13592\" class=\"elementor elementor-13592\">\n\t\t\t\t\t\t<section class=\"elementor-section elementor-top-section elementor-element elementor-element-e17212a elementor-section-boxed elementor-section-height-default elementor-section-height-default\" data-id=\"e17212a\" data-element_type=\"section\" data-e-type=\"section\">\n\t\t\t\t\t\t<div class=\"elementor-container elementor-column-gap-default\">\n\t\t\t\t\t<div class=\"elementor-column elementor-col-100 elementor-top-column elementor-element elementor-element-8132ce0\" data-id=\"8132ce0\" data-element_type=\"column\" data-e-type=\"column\">\n\t\t\t<div class=\"elementor-widget-wrap elementor-element-populated\">\n\t\t\t\t\t\t<div class=\"elementor-element elementor-element-cfd4463 elementor-widget elementor-widget-heading\" data-id=\"cfd4463\" data-element_type=\"widget\" data-e-type=\"widget\" data-widget_type=\"heading.default\">\n\t\t\t\t<div class=\"elementor-widget-container\">\n\t\t\t\t\t<h2 class=\"elementor-heading-title elementor-size-default\">Pourquoi le DISC change la vente aujourd\u2019hui<\/h2>\t\t\t\t<\/div>\n\t\t\t\t<\/div>\n\t\t\t\t\t<\/div>\n\t\t<\/div>\n\t\t\t\t\t<\/div>\n\t\t<\/section>\n\t\t\t\t<section class=\"elementor-section elementor-top-section elementor-element elementor-element-b91b387 elementor-section-boxed elementor-section-height-default elementor-section-height-default\" data-id=\"b91b387\" data-element_type=\"section\" data-e-type=\"section\">\n\t\t\t\t\t\t<div class=\"elementor-container elementor-column-gap-default\">\n\t\t\t\t\t<div class=\"elementor-column elementor-col-100 elementor-top-column elementor-element elementor-element-be8515b\" data-id=\"be8515b\" data-element_type=\"column\" data-e-type=\"column\">\n\t\t\t<div class=\"elementor-widget-wrap elementor-element-populated\">\n\t\t\t\t\t\t<section class=\"elementor-section elementor-inner-section elementor-element elementor-element-2a9c920 elementor-section-boxed elementor-section-height-default elementor-section-height-default\" data-id=\"2a9c920\" data-element_type=\"section\" data-e-type=\"section\">\n\t\t\t\t\t\t<div class=\"elementor-container elementor-column-gap-default\">\n\t\t\t\t\t<div class=\"elementor-column elementor-col-50 elementor-inner-column elementor-element elementor-element-3eb3ae7\" data-id=\"3eb3ae7\" data-element_type=\"column\" data-e-type=\"column\">\n\t\t\t<div class=\"elementor-widget-wrap elementor-element-populated\">\n\t\t\t\t\t\t<div class=\"elementor-element elementor-element-6b1be93 elementor-widget elementor-widget-image\" data-id=\"6b1be93\" data-element_type=\"widget\" data-e-type=\"widget\" data-widget_type=\"image.default\">\n\t\t\t\t<div class=\"elementor-widget-container\">\n\t\t\t\t\t\t\t\t\t\t\t\t\t\t\t<img fetchpriority=\"high\" decoding=\"async\" width=\"500\" height=\"500\" src=\"https:\/\/i0.wp.com\/www.bekaformation.fr\/wp-content\/uploads\/2026\/01\/Bien-communiquer-pour-mieux-travailler-ensemble-2.png?fit=500%2C500&amp;ssl=1\" class=\"attachment-large size-large wp-image-13428\" alt=\"\" srcset=\"https:\/\/i0.wp.com\/www.bekaformation.fr\/wp-content\/uploads\/2026\/01\/Bien-communiquer-pour-mieux-travailler-ensemble-2.png?w=500&amp;ssl=1 500w, https:\/\/i0.wp.com\/www.bekaformation.fr\/wp-content\/uploads\/2026\/01\/Bien-communiquer-pour-mieux-travailler-ensemble-2.png?resize=300%2C300&amp;ssl=1 300w, https:\/\/i0.wp.com\/www.bekaformation.fr\/wp-content\/uploads\/2026\/01\/Bien-communiquer-pour-mieux-travailler-ensemble-2.png?resize=150%2C150&amp;ssl=1 150w, https:\/\/i0.wp.com\/www.bekaformation.fr\/wp-content\/uploads\/2026\/01\/Bien-communiquer-pour-mieux-travailler-ensemble-2.png?resize=100%2C100&amp;ssl=1 100w, https:\/\/i0.wp.com\/www.bekaformation.fr\/wp-content\/uploads\/2026\/01\/Bien-communiquer-pour-mieux-travailler-ensemble-2.png?w=280&amp;ssl=1 280w\" sizes=\"(max-width: 500px) 100vw, 500px\" \/>\t\t\t\t\t\t\t\t\t\t\t\t\t\t\t<\/div>\n\t\t\t\t<\/div>\n\t\t\t\t\t<\/div>\n\t\t<\/div>\n\t\t\t\t<div class=\"elementor-column elementor-col-50 elementor-inner-column elementor-element elementor-element-91fedb7\" data-id=\"91fedb7\" data-element_type=\"column\" data-e-type=\"column\">\n\t\t\t<div class=\"elementor-widget-wrap elementor-element-populated\">\n\t\t\t\t\t\t<div class=\"elementor-element elementor-element-296dd52 elementor-widget elementor-widget-spacer\" data-id=\"296dd52\" data-element_type=\"widget\" data-e-type=\"widget\" data-widget_type=\"spacer.default\">\n\t\t\t\t<div class=\"elementor-widget-container\">\n\t\t\t\t\t\t\t<div class=\"elementor-spacer\">\n\t\t\t<div class=\"elementor-spacer-inner\"><\/div>\n\t\t<\/div>\n\t\t\t\t\t\t<\/div>\n\t\t\t\t<\/div>\n\t\t\t\t<div class=\"elementor-element elementor-element-b7570f3 elementor-widget elementor-widget-text-editor\" data-id=\"b7570f3\" data-element_type=\"widget\" data-e-type=\"widget\" data-widget_type=\"text-editor.default\">\n\t\t\t\t<div class=\"elementor-widget-container\">\n\t\t\t\t\t\t\t\t\t<h3 id=\"ember51\" class=\"ember-view reader-text-block__heading-3\">Dans un contexte o\u00f9 les produits se ressemblent de plus en plus et o\u00f9 les clients sont mieux inform\u00e9s que jamais, la diff\u00e9rence ne se fait plus seulement sur l\u2019offre ou le prix. Elle se joue souvent dans la qualit\u00e9 de la relation et dans la capacit\u00e9 du commercial \u00e0 comprendre rapidement la personne qu\u2019il a en face de lui.<\/h3>\t\t\t\t\t\t\t\t<\/div>\n\t\t\t\t<\/div>\n\t\t\t\t\t<\/div>\n\t\t<\/div>\n\t\t\t\t\t<\/div>\n\t\t<\/section>\n\t\t\t\t<div class=\"elementor-element elementor-element-a5ee79d elementor-widget elementor-widget-text-editor\" data-id=\"a5ee79d\" data-element_type=\"widget\" data-e-type=\"widget\" data-widget_type=\"text-editor.default\">\n\t\t\t\t<div class=\"elementor-widget-container\">\n\t\t\t\t\t\t\t\t\t<p id=\"ember51\" class=\"ember-view reader-text-block__heading-3\">Dans le monde de la vente, les discussions tournent souvent autour des m\u00e9thodes et des techniques. Les formations commerciales apprennent \u00e0 structurer un argumentaire, \u00e0 traiter les objections ou encore \u00e0 conclure une vente au bon moment. Ces comp\u00e9tences sont \u00e9videmment essentielles. Pourtant, lorsqu\u2019on observe les commerciaux les plus performants sur le terrain, on se rend compte que leur r\u00e9ussite ne repose pas uniquement sur la ma\u00eetrise de ces techniques. Ce qui les distingue r\u00e9ellement, c\u2019est leur capacit\u00e9 \u00e0 comprendre rapidement la personne qu\u2019ils ont en face d\u2019eux et \u00e0 adapter leur mani\u00e8re de communiquer.<\/p><p id=\"ember53\" class=\"ember-view reader-text-block__paragraph\">La vente est avant tout une relation humaine. Derri\u00e8re chaque d\u00e9cision d\u2019achat, il y a une personne avec ses pr\u00e9f\u00e9rences, ses attentes, ses modes de r\u00e9flexion et sa mani\u00e8re particuli\u00e8re de prendre des d\u00e9cisions. Certains clients veulent aller droit au but et obtenir rapidement les informations cl\u00e9s. D\u2019autres accordent davantage d\u2019importance \u00e0 la relation et \u00e0 la confiance avant m\u00eame de parler d\u2019un produit ou d\u2019un service. D\u2019autres encore ont besoin d\u2019analyses d\u00e9taill\u00e9es et de donn\u00e9es pr\u00e9cises pour se sentir suffisamment en s\u00e9curit\u00e9 pour d\u00e9cider. Dans ce contexte, la capacit\u00e9 d\u2019un commercial \u00e0 ajuster son discours et sa posture devient un v\u00e9ritable levier de performance.<\/p><p id=\"ember54\" class=\"ember-view reader-text-block__paragraph\">C\u2019est pr\u00e9cis\u00e9ment dans cette perspective que le mod\u00e8le DISC trouve toute sa pertinence. Bien qu\u2019il ne s\u2019agisse pas d\u2019un outil de vente au sens strict, le DISC constitue une grille de lecture particuli\u00e8rement utile pour comprendre les comportements humains et les styles de communication. Pour les commerciaux, cette compr\u00e9hension peut transformer la mani\u00e8re d\u2019aborder une relation client et am\u00e9liorer consid\u00e9rablement la qualit\u00e9 des \u00e9changes.<\/p><p id=\"ember55\" class=\"ember-view reader-text-block__paragraph\">Le mod\u00e8le DISC repose sur l\u2019id\u00e9e que chacun poss\u00e8de des pr\u00e9f\u00e9rences comportementales relativement stables dans sa mani\u00e8re d\u2019interagir avec les autres, de prendre des d\u00e9cisions ou de traiter l\u2019information. Ces pr\u00e9f\u00e9rences s\u2019organisent autour de quatre grandes tendances. Les profils dits \u00ab dominants \u00bb sont g\u00e9n\u00e9ralement orient\u00e9s vers l\u2019action et les r\u00e9sultats. Ils appr\u00e9cient l\u2019efficacit\u00e9, la rapidit\u00e9 et les \u00e9changes directs. Les profils \u00ab influents \u00bb accordent davantage d\u2019importance \u00e0 la relation, \u00e0 l\u2019enthousiasme et aux interactions sociales. Les profils \u00ab stables \u00bb privil\u00e9gient la coop\u00e9ration, la s\u00e9curit\u00e9 et la confiance dans la dur\u00e9e. Enfin, les profils \u00ab consciencieux \u00bb se caract\u00e9risent par une forte orientation vers l\u2019analyse, la pr\u00e9cision et la logique.<\/p><p id=\"ember56\" class=\"ember-view reader-text-block__paragraph\">Bien entendu, il serait r\u00e9ducteur de r\u00e9sumer un individu \u00e0 une seule de ces tendances. Chaque personne est en r\u00e9alit\u00e9 une combinaison plus ou moins marqu\u00e9e de ces diff\u00e9rentes dimensions. N\u00e9anmoins, cette typologie offre des rep\u00e8res utiles pour d\u00e9crypter certaines attitudes et mieux comprendre les r\u00e9actions de ses interlocuteurs.<\/p><p id=\"ember57\" class=\"ember-view reader-text-block__paragraph\">Dans un contexte commercial, ces rep\u00e8res peuvent faire une r\u00e9elle diff\u00e9rence. De nombreuses situations de vente \u00e9chouent non pas \u00e0 cause de la qualit\u00e9 de l\u2019offre, mais en raison d\u2019un d\u00e9calage dans la communication. Un commercial tr\u00e8s enthousiaste peut para\u00eetre superficiel aux yeux d\u2019un client particuli\u00e8rement analytique. \u00c0 l\u2019inverse, un discours tr\u00e8s technique et d\u00e9taill\u00e9 peut rapidement perdre l\u2019attention d\u2019un interlocuteur qui privil\u00e9gie une vision globale et intuitive. Dans ces cas-l\u00e0, le probl\u00e8me ne r\u00e9side ni dans le produit ni dans la comp\u00e9tence du commercial, mais simplement dans une inad\u00e9quation entre la mani\u00e8re de communiquer et les attentes du client.<\/p><p id=\"ember58\" class=\"ember-view reader-text-block__paragraph\">Le DISC permet pr\u00e9cis\u00e9ment d\u2019identifier ces diff\u00e9rences et d\u2019ajuster sa communication en cons\u00e9quence. Pour un commercial, cela commence souvent par l\u2019observation. La fa\u00e7on dont un client pose ses questions, le rythme de l\u2019\u00e9change, la nature des informations qu\u2019il recherche ou encore sa mani\u00e8re de r\u00e9agir aux propositions fournissent autant d\u2019indices sur son mode de fonctionnement. Un interlocuteur qui va rapidement \u00e0 l\u2019essentiel et pose des questions orient\u00e9es r\u00e9sultats manifeste souvent une pr\u00e9f\u00e9rence pour l\u2019action et la performance. \u00c0 l\u2019inverse, un client qui s\u2019int\u00e9resse d\u2019abord \u00e0 la relation ou au contexte peut accorder davantage d\u2019importance \u00e0 la dimension humaine de l\u2019\u00e9change.<\/p><p id=\"ember59\" class=\"ember-view reader-text-block__paragraph\">Cette capacit\u00e9 d\u2019observation permet ensuite d\u2019adapter le discours commercial. Un m\u00eame produit peut \u00eatre pr\u00e9sent\u00e9 sous des angles tr\u00e8s diff\u00e9rents selon la personne qui l\u2019\u00e9coute. Face \u00e0 un client orient\u00e9 r\u00e9sultats, le commercial aura int\u00e9r\u00eat \u00e0 mettre en avant les gains de performance, l\u2019efficacit\u00e9 ou le retour sur investissement. Face \u00e0 un client plus relationnel, il pourra souligner l\u2019exp\u00e9rience utilisateur, la dimension collaborative ou les opportunit\u00e9s que le produit ouvre. Avec un interlocuteur prudent, l\u2019accent pourra \u00eatre mis sur la fiabilit\u00e9, la s\u00e9curit\u00e9 et l\u2019accompagnement propos\u00e9. Enfin, avec un profil tr\u00e8s analytique, il sera pertinent d\u2019apporter des donn\u00e9es pr\u00e9cises, des comparaisons et une m\u00e9thodologie claire.<\/p><p id=\"ember60\" class=\"ember-view reader-text-block__paragraph\">Dans ces diff\u00e9rentes situations, le produit reste le m\u00eame. Ce qui change, c\u2019est la mani\u00e8re de le pr\u00e9senter et de le rendre pertinent pour l\u2019interlocuteur. Cette adaptation ne consiste pas \u00e0 transformer sa personnalit\u00e9 ou \u00e0 jouer un r\u00f4le artificiel. Elle rel\u00e8ve plut\u00f4t d\u2019une forme d\u2019intelligence relationnelle qui consiste \u00e0 prendre en compte la mani\u00e8re dont l\u2019autre pr\u00e9f\u00e8re recevoir l\u2019information.<\/p><p id=\"ember61\" class=\"ember-view reader-text-block__paragraph\">C\u2019est d\u2019ailleurs l\u2019un des apports majeurs du DISC pour les commerciaux. Au-del\u00e0 des techniques de vente, il permet de d\u00e9velopper une compr\u00e9hension plus fine des interactions humaines. Les professionnels de la vente exp\u00e9riment\u00e9s savent souvent, de mani\u00e8re intuitive, qu\u2019un rendez-vous peut basculer sur un d\u00e9tail de communication. Une phrase mal formul\u00e9e, un rythme d\u2019\u00e9change inadapt\u00e9 ou une argumentation trop technique peuvent suffire \u00e0 cr\u00e9er une distance avec le client. Le DISC apporte un cadre pour analyser ces situations et progresser plus rapidement dans la ma\u00eetrise de la relation commerciale.<\/p><p id=\"ember62\" class=\"ember-view reader-text-block__paragraph\">Un autre avantage de cet outil r\u00e9side dans la prise de conscience qu\u2019il permet concernant son propre style de communication. Chaque commercial poss\u00e8de lui-m\u00eame des pr\u00e9f\u00e9rences comportementales qui influencent sa mani\u00e8re d\u2019interagir avec les autres. Certains sont naturellement tr\u00e8s dynamiques et orient\u00e9s r\u00e9sultats, tandis que d\u2019autres privil\u00e9gient la relation et l\u2019\u00e9coute. Cette diversit\u00e9 peut \u00eatre une richesse, mais elle peut aussi g\u00e9n\u00e9rer des d\u00e9calages si elle n\u2019est pas comprise. Nous avons en effet tendance \u00e0 communiquer spontan\u00e9ment de la mani\u00e8re dont nous aimerions que les autres communiquent avec nous. Or, dans une relation commerciale, ce qui importe n\u2019est pas la mani\u00e8re dont le commercial pr\u00e9f\u00e8re recevoir l\u2019information, mais celle qui correspond au fonctionnement du client.<\/p><p id=\"ember63\" class=\"ember-view reader-text-block__paragraph\">Dans un environnement \u00e9conomique o\u00f9 les offres se ressemblent de plus en plus, cette capacit\u00e9 d\u2019adaptation devient un avantage concurrentiel. Les clients disposent aujourd\u2019hui de nombreux moyens pour comparer les produits et les services. Ils peuvent consulter des informations en ligne, lire des avis d\u2019utilisateurs ou solliciter plusieurs prestataires. Dans ce contexte, la qualit\u00e9 de la relation et la confiance jouent souvent un r\u00f4le d\u00e9terminant dans la d\u00e9cision finale.<\/p><p id=\"ember64\" class=\"ember-view reader-text-block__paragraph\">Le DISC contribue pr\u00e9cis\u00e9ment \u00e0 renforcer cette dimension relationnelle. En comprenant mieux les attentes et les modes de fonctionnement de leurs clients, les commerciaux peuvent instaurer un dialogue plus fluide et plus pertinent. Les \u00e9changes deviennent moins m\u00e9caniques et davantage centr\u00e9s sur la personne et ses besoins r\u00e9els.<\/p><p id=\"ember65\" class=\"ember-view reader-text-block__paragraph\">Il est toutefois important de rappeler que le DISC ne doit pas \u00eatre per\u00e7u comme un outil de manipulation. Son objectif n\u2019est pas de \u00ab cat\u00e9goriser \u00bb les individus ou de r\u00e9duire la complexit\u00e9 humaine \u00e0 quatre couleurs. Il s\u2019agit avant tout d\u2019un outil de compr\u00e9hension et d\u2019ajustement. Utilis\u00e9 avec discernement, il permet simplement d\u2019am\u00e9liorer la qualit\u00e9 des interactions et de rendre la communication plus efficace et plus respectueuse des diff\u00e9rences.<\/p><p id=\"ember66\" class=\"ember-view reader-text-block__paragraph\">Pour les \u00e9quipes commerciales, les b\u00e9n\u00e9fices peuvent \u00eatre multiples. Le DISC facilite la compr\u00e9hension des clients, mais il peut \u00e9galement am\u00e9liorer la communication au sein m\u00eame de l\u2019\u00e9quipe. Les diff\u00e9rences de fonctionnement existent aussi entre coll\u00e8gues, entre commerciaux et managers ou entre les \u00e9quipes commerciales et marketing. Une meilleure compr\u00e9hension de ces styles de communication peut contribuer \u00e0 fluidifier les \u00e9changes et \u00e0 renforcer la coop\u00e9ration.<\/p><p id=\"ember67\" class=\"ember-view reader-text-block__paragraph\">Au fond, la vente reste un m\u00e9tier profond\u00e9ment humain. Derri\u00e8re chaque contrat sign\u00e9, il y a une relation qui s\u2019est construite, une confiance qui s\u2019est install\u00e9e et une compr\u00e9hension mutuelle qui s\u2019est d\u00e9velopp\u00e9e. Les outils comme le DISC ne remplacent pas l\u2019exp\u00e9rience ni l\u2019intuition du commercial, mais ils offrent des rep\u00e8res pr\u00e9cieux pour mieux comprendre les dynamiques relationnelles.<\/p><p id=\"ember68\" class=\"ember-view reader-text-block__paragraph\">Dans un monde o\u00f9 les produits et les services sont de plus en plus comparables, la capacit\u00e9 \u00e0 cr\u00e9er une relation authentique et adapt\u00e9e \u00e0 son interlocuteur devient un facteur cl\u00e9 de diff\u00e9renciation. C\u2019est dans cette perspective que le DISC peut s\u2019imposer comme un alli\u00e9 pr\u00e9cieux pour les professionnels de la vente qui souhaitent d\u00e9velopper une approche plus fine et plus efficace de la relation client.<\/p><p id=\"ember69\" class=\"ember-view reader-text-block__paragraph\">Comprendre les profils DISC est une premi\u00e8re \u00e9tape. Mais pour un commercial, l\u2019enjeu est surtout de savoir traduire cette compr\u00e9hension en actions concr\u00e8tes : adapter son argumentaire, ajuster son rythme de rendez-vous, pr\u00e9senter une offre de mani\u00e8re plus pertinente pour son interlocuteur. C\u2019est pr\u00e9cis\u00e9ment l\u2019objectif de la formation <a class=\"zUrkGMbNXQbxnQgMlmDJxDCQEVRHSQAVxNrzBij \" tabindex=\"0\" href=\"https:\/\/www.bekaformation.fr\/pro-formation-professionnelle-dordogne-beka-formation\/vente-et-accueil\/disc-mieux-vendre\/\" target=\"_self\" data-test-app-aware-link=\"\"><strong>\u00ab Mieux vendre avec le DISC \u00bb<\/strong><\/a>, qui permet aux commerciaux et aux entrepreneurs de transformer la lecture des comportements en un v\u00e9ritable levier de performance commerciale et de qualit\u00e9 relationnelle.<\/p>\t\t\t\t\t\t\t\t<\/div>\n\t\t\t\t<\/div>\n\t\t\t\t\t<\/div>\n\t\t<\/div>\n\t\t\t\t\t<\/div>\n\t\t<\/section>\n\t\t\t\t<\/div>\n\t\t","protected":false},"excerpt":{"rendered":"<p>Dans un contexte o\u00f9 les produits se ressemblent de plus en plus et o\u00f9 les clients sont mieux inform\u00e9s que jamais, la diff\u00e9rence ne se fait plus seulement sur l\u2019offre ou le prix. Elle se joue souvent dans la qualit\u00e9 de la relation et dans la capacit\u00e9 du commercial \u00e0 comprendre rapidement la personne qu\u2019il a en face de lui.<\/p>\n","protected":false},"author":1,"featured_media":13625,"comment_status":"open","ping_status":"open","sticky":false,"template":"","format":"standard","meta":{"_eb_attr":"","_jetpack_memberships_contains_paid_content":false,"footnotes":"","jetpack_publicize_message":"","jetpack_publicize_feature_enabled":true,"jetpack_social_post_already_shared":true,"jetpack_social_options":{"image_generator_settings":{"template":"highway","enabled":false},"version":2}},"categories":[34],"tags":[],"class_list":["post-13592","post","type-post","status-publish","format-standard","has-post-thumbnail","hentry","category-blog"],"yoast_head":"<!-- This site is optimized with the Yoast SEO plugin v27.4 - https:\/\/yoast.com\/product\/yoast-seo-wordpress\/ -->\n<title>Pourquoi le DISC change la vente aujourd&#039;hui -<\/title>\n<meta name=\"robots\" content=\"index, follow, max-snippet:-1, max-image-preview:large, max-video-preview:-1\" \/>\n<link rel=\"canonical\" href=\"https:\/\/www.bekaformation.fr\/pro-formation-professionnelle-dordogne-beka-formation\/pourquoi-le-disc-change-la-vente-aujourdhui\/\" \/>\n<meta property=\"og:locale\" content=\"fr_FR\" \/>\n<meta property=\"og:type\" content=\"article\" \/>\n<meta property=\"og:title\" content=\"Pourquoi le DISC change la vente aujourd&#039;hui -\" \/>\n<meta property=\"og:description\" content=\"Dans un contexte o\u00f9 les produits se ressemblent de plus en plus et o\u00f9 les clients sont mieux inform\u00e9s que jamais, la diff\u00e9rence ne se fait plus seulement sur l\u2019offre ou le prix. Elle se joue souvent dans la qualit\u00e9 de la relation et dans la capacit\u00e9 du commercial \u00e0 comprendre rapidement la personne qu\u2019il a en face de lui.\" \/>\n<meta property=\"og:url\" content=\"https:\/\/www.bekaformation.fr\/pro-formation-professionnelle-dordogne-beka-formation\/pourquoi-le-disc-change-la-vente-aujourdhui\/\" \/>\n<meta property=\"article:publisher\" content=\"https:\/\/www.facebook.com\/bekaformation\" \/>\n<meta property=\"article:published_time\" content=\"2026-03-10T10:50:12+00:00\" \/>\n<meta property=\"article:modified_time\" content=\"2026-03-13T17:57:44+00:00\" \/>\n<meta property=\"og:image\" content=\"https:\/\/www.bekaformation.fr\/wp-content\/uploads\/2026\/03\/Les-dirigeants-intelligents-font-une-erreur-recurrente-croire-quils-sont-rationnels-sous-pression.png\" \/>\n\t<meta property=\"og:image:width\" content=\"1200\" \/>\n\t<meta property=\"og:image:height\" content=\"1200\" \/>\n\t<meta property=\"og:image:type\" content=\"image\/png\" \/>\n<meta name=\"author\" content=\"BEKA Formation\" \/>\n<meta name=\"twitter:card\" content=\"summary_large_image\" \/>\n<meta name=\"twitter:label1\" content=\"\u00c9crit par\" \/>\n\t<meta name=\"twitter:data1\" content=\"BEKA Formation\" \/>\n\t<meta name=\"twitter:label2\" content=\"Dur\u00e9e de lecture estim\u00e9e\" \/>\n\t<meta name=\"twitter:data2\" content=\"9 minutes\" \/>\n<script type=\"application\/ld+json\" class=\"yoast-schema-graph\">{\"@context\":\"https:\\\/\\\/schema.org\",\"@graph\":[{\"@type\":\"Article\",\"@id\":\"https:\\\/\\\/www.bekaformation.fr\\\/pro-formation-professionnelle-dordogne-beka-formation\\\/pourquoi-le-disc-change-la-vente-aujourdhui\\\/#article\",\"isPartOf\":{\"@id\":\"https:\\\/\\\/www.bekaformation.fr\\\/pro-formation-professionnelle-dordogne-beka-formation\\\/pourquoi-le-disc-change-la-vente-aujourdhui\\\/\"},\"author\":{\"name\":\"BEKA Formation\",\"@id\":\"https:\\\/\\\/www.bekaformation.fr\\\/pro-formation-professionnelle-dordogne-beka-formation\\\/#\\\/schema\\\/person\\\/e7c1d03e42c4bdcb91806f517c01e8e1\"},\"headline\":\"Pourquoi le DISC change la vente aujourd&#8217;hui\",\"datePublished\":\"2026-03-10T10:50:12+00:00\",\"dateModified\":\"2026-03-13T17:57:44+00:00\",\"mainEntityOfPage\":{\"@id\":\"https:\\\/\\\/www.bekaformation.fr\\\/pro-formation-professionnelle-dordogne-beka-formation\\\/pourquoi-le-disc-change-la-vente-aujourdhui\\\/\"},\"wordCount\":1760,\"commentCount\":0,\"publisher\":{\"@id\":\"https:\\\/\\\/www.bekaformation.fr\\\/pro-formation-professionnelle-dordogne-beka-formation\\\/#organization\"},\"image\":{\"@id\":\"https:\\\/\\\/www.bekaformation.fr\\\/pro-formation-professionnelle-dordogne-beka-formation\\\/pourquoi-le-disc-change-la-vente-aujourdhui\\\/#primaryimage\"},\"thumbnailUrl\":\"https:\\\/\\\/i0.wp.com\\\/www.bekaformation.fr\\\/wp-content\\\/uploads\\\/2026\\\/03\\\/Les-dirigeants-intelligents-font-une-erreur-recurrente-croire-quils-sont-rationnels-sous-pression.png?fit=1200%2C1200&ssl=1\",\"articleSection\":[\"Blog\"],\"inLanguage\":\"fr-FR\",\"potentialAction\":[{\"@type\":\"CommentAction\",\"name\":\"Comment\",\"target\":[\"https:\\\/\\\/www.bekaformation.fr\\\/pro-formation-professionnelle-dordogne-beka-formation\\\/pourquoi-le-disc-change-la-vente-aujourdhui\\\/#respond\"]}]},{\"@type\":\"WebPage\",\"@id\":\"https:\\\/\\\/www.bekaformation.fr\\\/pro-formation-professionnelle-dordogne-beka-formation\\\/pourquoi-le-disc-change-la-vente-aujourdhui\\\/\",\"url\":\"https:\\\/\\\/www.bekaformation.fr\\\/pro-formation-professionnelle-dordogne-beka-formation\\\/pourquoi-le-disc-change-la-vente-aujourdhui\\\/\",\"name\":\"Pourquoi le DISC change la vente aujourd'hui -\",\"isPartOf\":{\"@id\":\"https:\\\/\\\/www.bekaformation.fr\\\/pro-formation-professionnelle-dordogne-beka-formation\\\/#website\"},\"primaryImageOfPage\":{\"@id\":\"https:\\\/\\\/www.bekaformation.fr\\\/pro-formation-professionnelle-dordogne-beka-formation\\\/pourquoi-le-disc-change-la-vente-aujourdhui\\\/#primaryimage\"},\"image\":{\"@id\":\"https:\\\/\\\/www.bekaformation.fr\\\/pro-formation-professionnelle-dordogne-beka-formation\\\/pourquoi-le-disc-change-la-vente-aujourdhui\\\/#primaryimage\"},\"thumbnailUrl\":\"https:\\\/\\\/i0.wp.com\\\/www.bekaformation.fr\\\/wp-content\\\/uploads\\\/2026\\\/03\\\/Les-dirigeants-intelligents-font-une-erreur-recurrente-croire-quils-sont-rationnels-sous-pression.png?fit=1200%2C1200&ssl=1\",\"datePublished\":\"2026-03-10T10:50:12+00:00\",\"dateModified\":\"2026-03-13T17:57:44+00:00\",\"breadcrumb\":{\"@id\":\"https:\\\/\\\/www.bekaformation.fr\\\/pro-formation-professionnelle-dordogne-beka-formation\\\/pourquoi-le-disc-change-la-vente-aujourdhui\\\/#breadcrumb\"},\"inLanguage\":\"fr-FR\",\"potentialAction\":[{\"@type\":\"ReadAction\",\"target\":[\"https:\\\/\\\/www.bekaformation.fr\\\/pro-formation-professionnelle-dordogne-beka-formation\\\/pourquoi-le-disc-change-la-vente-aujourdhui\\\/\"]}]},{\"@type\":\"ImageObject\",\"inLanguage\":\"fr-FR\",\"@id\":\"https:\\\/\\\/www.bekaformation.fr\\\/pro-formation-professionnelle-dordogne-beka-formation\\\/pourquoi-le-disc-change-la-vente-aujourdhui\\\/#primaryimage\",\"url\":\"https:\\\/\\\/i0.wp.com\\\/www.bekaformation.fr\\\/wp-content\\\/uploads\\\/2026\\\/03\\\/Les-dirigeants-intelligents-font-une-erreur-recurrente-croire-quils-sont-rationnels-sous-pression.png?fit=1200%2C1200&ssl=1\",\"contentUrl\":\"https:\\\/\\\/i0.wp.com\\\/www.bekaformation.fr\\\/wp-content\\\/uploads\\\/2026\\\/03\\\/Les-dirigeants-intelligents-font-une-erreur-recurrente-croire-quils-sont-rationnels-sous-pression.png?fit=1200%2C1200&ssl=1\",\"width\":1200,\"height\":1200},{\"@type\":\"BreadcrumbList\",\"@id\":\"https:\\\/\\\/www.bekaformation.fr\\\/pro-formation-professionnelle-dordogne-beka-formation\\\/pourquoi-le-disc-change-la-vente-aujourdhui\\\/#breadcrumb\",\"itemListElement\":[{\"@type\":\"ListItem\",\"position\":1,\"name\":\"Accueil\",\"item\":\"https:\\\/\\\/www.bekaformation.fr\\\/pro-formation-professionnelle-dordogne-beka-formation\\\/\"},{\"@type\":\"ListItem\",\"position\":2,\"name\":\"Pourquoi le DISC change la vente aujourd&#8217;hui\"}]},{\"@type\":\"WebSite\",\"@id\":\"https:\\\/\\\/www.bekaformation.fr\\\/pro-formation-professionnelle-dordogne-beka-formation\\\/#website\",\"url\":\"https:\\\/\\\/www.bekaformation.fr\\\/pro-formation-professionnelle-dordogne-beka-formation\\\/\",\"name\":\"Beka Formation\",\"description\":\"Formation professionnelle Dordogne\",\"publisher\":{\"@id\":\"https:\\\/\\\/www.bekaformation.fr\\\/pro-formation-professionnelle-dordogne-beka-formation\\\/#organization\"},\"potentialAction\":[{\"@type\":\"SearchAction\",\"target\":{\"@type\":\"EntryPoint\",\"urlTemplate\":\"https:\\\/\\\/www.bekaformation.fr\\\/pro-formation-professionnelle-dordogne-beka-formation\\\/?s={search_term_string}\"},\"query-input\":{\"@type\":\"PropertyValueSpecification\",\"valueRequired\":true,\"valueName\":\"search_term_string\"}}],\"inLanguage\":\"fr-FR\"},{\"@type\":\"Organization\",\"@id\":\"https:\\\/\\\/www.bekaformation.fr\\\/pro-formation-professionnelle-dordogne-beka-formation\\\/#organization\",\"name\":\"BEKA Formation\",\"url\":\"https:\\\/\\\/www.bekaformation.fr\\\/pro-formation-professionnelle-dordogne-beka-formation\\\/\",\"logo\":{\"@type\":\"ImageObject\",\"inLanguage\":\"fr-FR\",\"@id\":\"https:\\\/\\\/www.bekaformation.fr\\\/pro-formation-professionnelle-dordogne-beka-formation\\\/#\\\/schema\\\/logo\\\/image\\\/\",\"url\":\"https:\\\/\\\/i0.wp.com\\\/www.bekaformation.fr\\\/wp-content\\\/uploads\\\/2021\\\/01\\\/cropped-cropped-cropped-cropped-Logo-BEKA-Transparent-e1630487208816.png?fit=100%2C55&ssl=1\",\"contentUrl\":\"https:\\\/\\\/i0.wp.com\\\/www.bekaformation.fr\\\/wp-content\\\/uploads\\\/2021\\\/01\\\/cropped-cropped-cropped-cropped-Logo-BEKA-Transparent-e1630487208816.png?fit=100%2C55&ssl=1\",\"width\":100,\"height\":55,\"caption\":\"BEKA Formation\"},\"image\":{\"@id\":\"https:\\\/\\\/www.bekaformation.fr\\\/pro-formation-professionnelle-dordogne-beka-formation\\\/#\\\/schema\\\/logo\\\/image\\\/\"},\"sameAs\":[\"https:\\\/\\\/www.facebook.com\\\/bekaformation\",\"https:\\\/\\\/www.linkedin.com\\\/company\\\/beka-formation\"]},{\"@type\":\"Person\",\"@id\":\"https:\\\/\\\/www.bekaformation.fr\\\/pro-formation-professionnelle-dordogne-beka-formation\\\/#\\\/schema\\\/person\\\/e7c1d03e42c4bdcb91806f517c01e8e1\",\"name\":\"BEKA Formation\",\"image\":{\"@type\":\"ImageObject\",\"inLanguage\":\"fr-FR\",\"@id\":\"https:\\\/\\\/secure.gravatar.com\\\/avatar\\\/cb404126c7f87e91f50c3d0520079309ae442479673f0d8ff6ab82215d1cea0b?s=96&d=mm&r=g\",\"url\":\"https:\\\/\\\/secure.gravatar.com\\\/avatar\\\/cb404126c7f87e91f50c3d0520079309ae442479673f0d8ff6ab82215d1cea0b?s=96&d=mm&r=g\",\"contentUrl\":\"https:\\\/\\\/secure.gravatar.com\\\/avatar\\\/cb404126c7f87e91f50c3d0520079309ae442479673f0d8ff6ab82215d1cea0b?s=96&d=mm&r=g\",\"caption\":\"BEKA Formation\"},\"sameAs\":[\"http:\\\/\\\/www.bekaformation.fr\"]}]}<\/script>\n<!-- \/ Yoast SEO plugin. -->","yoast_head_json":{"title":"Pourquoi le DISC change la vente aujourd'hui -","robots":{"index":"index","follow":"follow","max-snippet":"max-snippet:-1","max-image-preview":"max-image-preview:large","max-video-preview":"max-video-preview:-1"},"canonical":"https:\/\/www.bekaformation.fr\/pro-formation-professionnelle-dordogne-beka-formation\/pourquoi-le-disc-change-la-vente-aujourdhui\/","og_locale":"fr_FR","og_type":"article","og_title":"Pourquoi le DISC change la vente aujourd'hui -","og_description":"Dans un contexte o\u00f9 les produits se ressemblent de plus en plus et o\u00f9 les clients sont mieux inform\u00e9s que jamais, la diff\u00e9rence ne se fait plus seulement sur l\u2019offre ou le prix. Elle se joue souvent dans la qualit\u00e9 de la relation et dans la capacit\u00e9 du commercial \u00e0 comprendre rapidement la personne qu\u2019il a en face de lui.","og_url":"https:\/\/www.bekaformation.fr\/pro-formation-professionnelle-dordogne-beka-formation\/pourquoi-le-disc-change-la-vente-aujourdhui\/","article_publisher":"https:\/\/www.facebook.com\/bekaformation","article_published_time":"2026-03-10T10:50:12+00:00","article_modified_time":"2026-03-13T17:57:44+00:00","og_image":[{"width":1200,"height":1200,"url":"https:\/\/www.bekaformation.fr\/wp-content\/uploads\/2026\/03\/Les-dirigeants-intelligents-font-une-erreur-recurrente-croire-quils-sont-rationnels-sous-pression.png","type":"image\/png"}],"author":"BEKA Formation","twitter_card":"summary_large_image","twitter_misc":{"\u00c9crit par":"BEKA Formation","Dur\u00e9e de lecture estim\u00e9e":"9 minutes"},"schema":{"@context":"https:\/\/schema.org","@graph":[{"@type":"Article","@id":"https:\/\/www.bekaformation.fr\/pro-formation-professionnelle-dordogne-beka-formation\/pourquoi-le-disc-change-la-vente-aujourdhui\/#article","isPartOf":{"@id":"https:\/\/www.bekaformation.fr\/pro-formation-professionnelle-dordogne-beka-formation\/pourquoi-le-disc-change-la-vente-aujourdhui\/"},"author":{"name":"BEKA Formation","@id":"https:\/\/www.bekaformation.fr\/pro-formation-professionnelle-dordogne-beka-formation\/#\/schema\/person\/e7c1d03e42c4bdcb91806f517c01e8e1"},"headline":"Pourquoi le DISC change la vente aujourd&#8217;hui","datePublished":"2026-03-10T10:50:12+00:00","dateModified":"2026-03-13T17:57:44+00:00","mainEntityOfPage":{"@id":"https:\/\/www.bekaformation.fr\/pro-formation-professionnelle-dordogne-beka-formation\/pourquoi-le-disc-change-la-vente-aujourdhui\/"},"wordCount":1760,"commentCount":0,"publisher":{"@id":"https:\/\/www.bekaformation.fr\/pro-formation-professionnelle-dordogne-beka-formation\/#organization"},"image":{"@id":"https:\/\/www.bekaformation.fr\/pro-formation-professionnelle-dordogne-beka-formation\/pourquoi-le-disc-change-la-vente-aujourdhui\/#primaryimage"},"thumbnailUrl":"https:\/\/i0.wp.com\/www.bekaformation.fr\/wp-content\/uploads\/2026\/03\/Les-dirigeants-intelligents-font-une-erreur-recurrente-croire-quils-sont-rationnels-sous-pression.png?fit=1200%2C1200&ssl=1","articleSection":["Blog"],"inLanguage":"fr-FR","potentialAction":[{"@type":"CommentAction","name":"Comment","target":["https:\/\/www.bekaformation.fr\/pro-formation-professionnelle-dordogne-beka-formation\/pourquoi-le-disc-change-la-vente-aujourdhui\/#respond"]}]},{"@type":"WebPage","@id":"https:\/\/www.bekaformation.fr\/pro-formation-professionnelle-dordogne-beka-formation\/pourquoi-le-disc-change-la-vente-aujourdhui\/","url":"https:\/\/www.bekaformation.fr\/pro-formation-professionnelle-dordogne-beka-formation\/pourquoi-le-disc-change-la-vente-aujourdhui\/","name":"Pourquoi le DISC change la vente aujourd'hui -","isPartOf":{"@id":"https:\/\/www.bekaformation.fr\/pro-formation-professionnelle-dordogne-beka-formation\/#website"},"primaryImageOfPage":{"@id":"https:\/\/www.bekaformation.fr\/pro-formation-professionnelle-dordogne-beka-formation\/pourquoi-le-disc-change-la-vente-aujourdhui\/#primaryimage"},"image":{"@id":"https:\/\/www.bekaformation.fr\/pro-formation-professionnelle-dordogne-beka-formation\/pourquoi-le-disc-change-la-vente-aujourdhui\/#primaryimage"},"thumbnailUrl":"https:\/\/i0.wp.com\/www.bekaformation.fr\/wp-content\/uploads\/2026\/03\/Les-dirigeants-intelligents-font-une-erreur-recurrente-croire-quils-sont-rationnels-sous-pression.png?fit=1200%2C1200&ssl=1","datePublished":"2026-03-10T10:50:12+00:00","dateModified":"2026-03-13T17:57:44+00:00","breadcrumb":{"@id":"https:\/\/www.bekaformation.fr\/pro-formation-professionnelle-dordogne-beka-formation\/pourquoi-le-disc-change-la-vente-aujourdhui\/#breadcrumb"},"inLanguage":"fr-FR","potentialAction":[{"@type":"ReadAction","target":["https:\/\/www.bekaformation.fr\/pro-formation-professionnelle-dordogne-beka-formation\/pourquoi-le-disc-change-la-vente-aujourdhui\/"]}]},{"@type":"ImageObject","inLanguage":"fr-FR","@id":"https:\/\/www.bekaformation.fr\/pro-formation-professionnelle-dordogne-beka-formation\/pourquoi-le-disc-change-la-vente-aujourdhui\/#primaryimage","url":"https:\/\/i0.wp.com\/www.bekaformation.fr\/wp-content\/uploads\/2026\/03\/Les-dirigeants-intelligents-font-une-erreur-recurrente-croire-quils-sont-rationnels-sous-pression.png?fit=1200%2C1200&ssl=1","contentUrl":"https:\/\/i0.wp.com\/www.bekaformation.fr\/wp-content\/uploads\/2026\/03\/Les-dirigeants-intelligents-font-une-erreur-recurrente-croire-quils-sont-rationnels-sous-pression.png?fit=1200%2C1200&ssl=1","width":1200,"height":1200},{"@type":"BreadcrumbList","@id":"https:\/\/www.bekaformation.fr\/pro-formation-professionnelle-dordogne-beka-formation\/pourquoi-le-disc-change-la-vente-aujourdhui\/#breadcrumb","itemListElement":[{"@type":"ListItem","position":1,"name":"Accueil","item":"https:\/\/www.bekaformation.fr\/pro-formation-professionnelle-dordogne-beka-formation\/"},{"@type":"ListItem","position":2,"name":"Pourquoi le DISC change la vente aujourd&#8217;hui"}]},{"@type":"WebSite","@id":"https:\/\/www.bekaformation.fr\/pro-formation-professionnelle-dordogne-beka-formation\/#website","url":"https:\/\/www.bekaformation.fr\/pro-formation-professionnelle-dordogne-beka-formation\/","name":"Beka Formation","description":"Formation professionnelle Dordogne","publisher":{"@id":"https:\/\/www.bekaformation.fr\/pro-formation-professionnelle-dordogne-beka-formation\/#organization"},"potentialAction":[{"@type":"SearchAction","target":{"@type":"EntryPoint","urlTemplate":"https:\/\/www.bekaformation.fr\/pro-formation-professionnelle-dordogne-beka-formation\/?s={search_term_string}"},"query-input":{"@type":"PropertyValueSpecification","valueRequired":true,"valueName":"search_term_string"}}],"inLanguage":"fr-FR"},{"@type":"Organization","@id":"https:\/\/www.bekaformation.fr\/pro-formation-professionnelle-dordogne-beka-formation\/#organization","name":"BEKA Formation","url":"https:\/\/www.bekaformation.fr\/pro-formation-professionnelle-dordogne-beka-formation\/","logo":{"@type":"ImageObject","inLanguage":"fr-FR","@id":"https:\/\/www.bekaformation.fr\/pro-formation-professionnelle-dordogne-beka-formation\/#\/schema\/logo\/image\/","url":"https:\/\/i0.wp.com\/www.bekaformation.fr\/wp-content\/uploads\/2021\/01\/cropped-cropped-cropped-cropped-Logo-BEKA-Transparent-e1630487208816.png?fit=100%2C55&ssl=1","contentUrl":"https:\/\/i0.wp.com\/www.bekaformation.fr\/wp-content\/uploads\/2021\/01\/cropped-cropped-cropped-cropped-Logo-BEKA-Transparent-e1630487208816.png?fit=100%2C55&ssl=1","width":100,"height":55,"caption":"BEKA Formation"},"image":{"@id":"https:\/\/www.bekaformation.fr\/pro-formation-professionnelle-dordogne-beka-formation\/#\/schema\/logo\/image\/"},"sameAs":["https:\/\/www.facebook.com\/bekaformation","https:\/\/www.linkedin.com\/company\/beka-formation"]},{"@type":"Person","@id":"https:\/\/www.bekaformation.fr\/pro-formation-professionnelle-dordogne-beka-formation\/#\/schema\/person\/e7c1d03e42c4bdcb91806f517c01e8e1","name":"BEKA Formation","image":{"@type":"ImageObject","inLanguage":"fr-FR","@id":"https:\/\/secure.gravatar.com\/avatar\/cb404126c7f87e91f50c3d0520079309ae442479673f0d8ff6ab82215d1cea0b?s=96&d=mm&r=g","url":"https:\/\/secure.gravatar.com\/avatar\/cb404126c7f87e91f50c3d0520079309ae442479673f0d8ff6ab82215d1cea0b?s=96&d=mm&r=g","contentUrl":"https:\/\/secure.gravatar.com\/avatar\/cb404126c7f87e91f50c3d0520079309ae442479673f0d8ff6ab82215d1cea0b?s=96&d=mm&r=g","caption":"BEKA Formation"},"sameAs":["http:\/\/www.bekaformation.fr"]}]}},"jetpack_publicize_connections":[],"jetpack_featured_media_url":"https:\/\/i0.wp.com\/www.bekaformation.fr\/wp-content\/uploads\/2026\/03\/Les-dirigeants-intelligents-font-une-erreur-recurrente-croire-quils-sont-rationnels-sous-pression.png?fit=1200%2C1200&ssl=1","jetpack_sharing_enabled":true,"jetpack_likes_enabled":true,"_links":{"self":[{"href":"https:\/\/www.bekaformation.fr\/pro-formation-professionnelle-dordogne-beka-formation\/wp-json\/wp\/v2\/posts\/13592","targetHints":{"allow":["GET"]}}],"collection":[{"href":"https:\/\/www.bekaformation.fr\/pro-formation-professionnelle-dordogne-beka-formation\/wp-json\/wp\/v2\/posts"}],"about":[{"href":"https:\/\/www.bekaformation.fr\/pro-formation-professionnelle-dordogne-beka-formation\/wp-json\/wp\/v2\/types\/post"}],"author":[{"embeddable":true,"href":"https:\/\/www.bekaformation.fr\/pro-formation-professionnelle-dordogne-beka-formation\/wp-json\/wp\/v2\/users\/1"}],"replies":[{"embeddable":true,"href":"https:\/\/www.bekaformation.fr\/pro-formation-professionnelle-dordogne-beka-formation\/wp-json\/wp\/v2\/comments?post=13592"}],"version-history":[{"count":4,"href":"https:\/\/www.bekaformation.fr\/pro-formation-professionnelle-dordogne-beka-formation\/wp-json\/wp\/v2\/posts\/13592\/revisions"}],"predecessor-version":[{"id":13596,"href":"https:\/\/www.bekaformation.fr\/pro-formation-professionnelle-dordogne-beka-formation\/wp-json\/wp\/v2\/posts\/13592\/revisions\/13596"}],"wp:featuredmedia":[{"embeddable":true,"href":"https:\/\/www.bekaformation.fr\/pro-formation-professionnelle-dordogne-beka-formation\/wp-json\/wp\/v2\/media\/13625"}],"wp:attachment":[{"href":"https:\/\/www.bekaformation.fr\/pro-formation-professionnelle-dordogne-beka-formation\/wp-json\/wp\/v2\/media?parent=13592"}],"wp:term":[{"taxonomy":"category","embeddable":true,"href":"https:\/\/www.bekaformation.fr\/pro-formation-professionnelle-dordogne-beka-formation\/wp-json\/wp\/v2\/categories?post=13592"},{"taxonomy":"post_tag","embeddable":true,"href":"https:\/\/www.bekaformation.fr\/pro-formation-professionnelle-dordogne-beka-formation\/wp-json\/wp\/v2\/tags?post=13592"}],"curies":[{"name":"wp","href":"https:\/\/api.w.org\/{rel}","templated":true}]}}